{"id":958,"date":"2015-08-04T13:11:13","date_gmt":"2015-08-04T16:11:13","guid":{"rendered":"https:\/\/www.gruposamaritano.com.br\/ges\/?p=958"},"modified":"2015-08-04T13:11:13","modified_gmt":"2015-08-04T16:11:13","slug":"pai","status":"publish","type":"post","link":"https:\/\/www.gruposamaritano.com.br\/ges\/2015\/08\/pai\/","title":{"rendered":"Pai&#8230;"},"content":{"rendered":"<p>Quando eu cheguei a este mundo, n\u00e3o sabia ao certo o que estava fazendo aqui, at\u00e9 que percebi que havia algu\u00e9m para me orientar na jornada.<br \/>\nUm dia, quando voc\u00ea me ergueu nos bra\u00e7os, elevando-me acima da sua cabe\u00e7a, descobri que voc\u00ea queria que eu percebesse o mundo de um ponto de vista muito abrangente.<br \/>\n<!--more-->Quando comecei a ensaiar meus primeiros passos, com a musculatura das pernas ainda fr\u00e1gil, voc\u00ea me sustentou segurando-me a m\u00e3o, e entendi que voc\u00ea n\u00e3o desejava me carregar no colo para sempre: queria que eu andasse com as pr\u00f3prias pernas.<br \/>\nQuando entrei em casa pela primeira vez, ofegante, me queixando dos amigos, voc\u00ea disse para eu me acertar com eles, e compreendi que deveria assumir a responsabilidade pelos meus pr\u00f3prios atos.<br \/>\nQuando trouxe para casa minha primeira li\u00e7\u00e3o e voc\u00ea se sentou ao meu lado, orientando-me, mas n\u00e3o fez a li\u00e7\u00e3o para mim, entendi que voc\u00ea desejava que o aprendizado fosse uma conquista minha.<br \/>\nNo dia em que alguns objetos alheios foram parar em minha mochila escolar, voc\u00ea, sem me ofender, me pediu para devolver ao leg\u00edtimo dono, e compreendi que voc\u00ea queria fazer de mim uma pessoa honesta.<br \/>\nQuando, um dia, meus amigos sa\u00edram da sala e tracei alguns coment\u00e1rios maldosos sobre eles, e voc\u00ea me disse que n\u00e3o devemos falar mal das pessoas ausentes, aprendi as li\u00e7\u00f5es da sinceridade e do respeito.<br \/>\nNos momentos dif\u00edceis, voc\u00ea estava sempre ao meu lado para me apoiar, e nas horas alegres n\u00e3o me faltou o seu abra\u00e7o para compartilhar.<br \/>\nQuando fraquejei diante do primeiro embate da vida, voc\u00ea me falou de coragem&#8230;<br \/>\nQuando chorei as l\u00e1grimas provocadas pelo primeiro sofrimento, voc\u00ea me falou de resigna\u00e7\u00e3o&#8230;<br \/>\nQuando desejei fugir dos compromissos que se apresentavam, voc\u00ea me falou de responsabilidade&#8230;<br \/>\nQuando pensei em mentir para um amigo, voc\u00ea me falou de fidelidade&#8230;<br \/>\nQuando senti em minha alma os a\u00e7oites dos primeiros vendavais, voc\u00ea me falou de flexibilidade, e aprendi a me dobrar para n\u00e3o quebrar, como o pequeno ramo verde faz diante dos golpes do vento.<br \/>\nQuando voc\u00ea pressentiu em meu olhar a insinua\u00e7\u00e3o da vingan\u00e7a, me falou do perd\u00e3o&#8230;<br \/>\nQuando desejei salvar o mundo, nos ardentes dias da juventude, voc\u00ea me ensinou a modera\u00e7\u00e3o e o bom senso.<br \/>\nQuando quis me submeter aos modismos do grupo, voc\u00ea me falou de liberdade.<br \/>\nQuando me iludi, pensando que o mundo era meu, voc\u00ea me falou do Criador do Universo&#8230;<br \/>\nAssim, meu pai, desejo dizer que voc\u00ea sempre foi meu her\u00f3i, meu amigo, meu grande mestre, meu companheiro de caminhada&#8230;<br \/>\nVoc\u00ea foi firme, quando era de firmeza que eu precisava&#8230;<br \/>\nVoc\u00ea foi terno, quando era de ternura que eu necessitava&#8230; Voc\u00ea foi l\u00facido, quando era de lucidez que eu precisava&#8230;<br \/>\nQuando eu cheguei a este mundo, n\u00e3o sabia ao certo o que estava fazendo aqui, at\u00e9 que percebi que havia algu\u00e9m para me orientar na jornada&#8230;<br \/>\nHoje, bem, hoje eu sei claramente o que estou fazendo aqui, porque voc\u00ea, meu pai, fez mais que apenas me orientar, voc\u00ea caminhou ao meu lado muitas vezes, me seguiu de perto outras tantas, e andou \u00e0 minha frente muitas outras, deixando rastros de luz, como diretrizes seguras que eu pudesse seguir.<br \/>\nHoje eu sei muito bem o papel que me cabe na constru\u00e7\u00e3o de um mundo melhor, porque isso eu aprendi com voc\u00ea, meu grande e admirado amigo&#8230;<br \/>\nE quando eu vejo tantos jovens perdidos, sem rumo e sem esperan\u00e7a, vagando entre a viol\u00eancia e a morte, eu pe\u00e7o a Deus por eles, porque \u00e9 bem poss\u00edvel que n\u00e3o tenham tido a felicidade de ter um pai como voc\u00ea&#8230;<br \/>\nE pe\u00e7o a Deus por voc\u00ea, papai, meu grande amigo.<\/p>\n<p>Reda\u00e7\u00e3o do Momento Esp\u00edrita.<\/p>\n","protected":false},"excerpt":{"rendered":"<p>Quando eu cheguei a este mundo, n\u00e3o sabia ao certo o que estava fazendo aqui, at\u00e9 que percebi que havia algu\u00e9m para me orientar na jornada. Um dia, quando voc\u00ea me ergueu nos bra\u00e7os, elevando-me acima da sua cabe\u00e7a, descobri que voc\u00ea queria que eu percebesse o mundo de um ponto de [&hellip;]<\/p>\n","protected":false},"author":2,"featured_media":959,"comment_status":"open","ping_status":"open","sticky":false,"template":"","format":"standard","meta":{"footnotes":""},"categories":[4],"tags":[],"class_list":["post-958","post","type-post","status-publish","format-standard","has-post-thumbnail","hentry","category-reflexoes"],"_links":{"self":[{"href":"https:\/\/www.gruposamaritano.com.br\/ges\/wp-json\/wp\/v2\/posts\/958","targetHints":{"allow":["GET"]}}],"collection":[{"href":"https:\/\/www.gruposamaritano.com.br\/ges\/wp-json\/wp\/v2\/posts"}],"about":[{"href":"https:\/\/www.gruposamaritano.com.br\/ges\/wp-json\/wp\/v2\/types\/post"}],"author":[{"embeddable":true,"href":"https:\/\/www.gruposamaritano.com.br\/ges\/wp-json\/wp\/v2\/users\/2"}],"replies":[{"embeddable":true,"href":"https:\/\/www.gruposamaritano.com.br\/ges\/wp-json\/wp\/v2\/comments?post=958"}],"version-history":[{"count":0,"href":"https:\/\/www.gruposamaritano.com.br\/ges\/wp-json\/wp\/v2\/posts\/958\/revisions"}],"wp:featuredmedia":[{"embeddable":true,"href":"https:\/\/www.gruposamaritano.com.br\/ges\/wp-json\/wp\/v2\/media\/959"}],"wp:attachment":[{"href":"https:\/\/www.gruposamaritano.com.br\/ges\/wp-json\/wp\/v2\/media?parent=958"}],"wp:term":[{"taxonomy":"category","embeddable":true,"href":"https:\/\/www.gruposamaritano.com.br\/ges\/wp-json\/wp\/v2\/categories?post=958"},{"taxonomy":"post_tag","embeddable":true,"href":"https:\/\/www.gruposamaritano.com.br\/ges\/wp-json\/wp\/v2\/tags?post=958"}],"curies":[{"name":"wp","href":"https:\/\/api.w.org\/{rel}","templated":true}]}}