{"id":951,"date":"2015-07-31T10:27:44","date_gmt":"2015-07-31T13:27:44","guid":{"rendered":"https:\/\/www.gruposamaritano.com.br\/ges\/?p=951"},"modified":"2015-07-31T10:27:44","modified_gmt":"2015-07-31T13:27:44","slug":"nao-percas-a-tua-fe","status":"publish","type":"post","link":"https:\/\/www.gruposamaritano.com.br\/ges\/2015\/07\/nao-percas-a-tua-fe\/","title":{"rendered":"N\u00e3o percas a tua f\u00e9&#8230;"},"content":{"rendered":"<p>N\u00e3o percas a tua f\u00e9 entre as sombras do mundo. <\/p>\n<p>Ainda que os teus p\u00e9s estejam sangrando, segue para a frente, erguendo-a por luz celeste, acima de ti mesmo. <\/p>\n<p>Cr\u00ea e batalha. <\/p>\n<p><!--more-->Esfor\u00e7a-te no bem e espera com paci\u00eancia. <\/p>\n<p>Tudo passa e tudo se renova na Terra, mas o que vem do c\u00e9u permanecer\u00e1. <\/p>\n<p>De todos os infelizes, os mais desditosos s\u00e3o os que perderam a confian\u00e7a em Deus e em si mesmos, porque o maior infort\u00fanio \u00e9 sofrer a priva\u00e7\u00e3o da f\u00e9 e prosseguir vivendo. <\/p>\n<p>Eleva, pois, o teu olhar e caminha. <\/p>\n<p>Luta e serve. <\/p>\n<p>Aprende e adianta-te. <\/p>\n<p>Brilha a alvorada al\u00e9m da noite. <\/p>\n<p>Hoje \u00e9 poss\u00edvel que a tempestade te amarfanhe o cora\u00e7\u00e3o e te atormente o ideal, aguilhoando-te com afli\u00e7\u00e3o ou amea\u00e7ando-te com a morte&#8230; <\/p>\n<p>N\u00e3o te esque\u00e7as, por\u00e9m, de que amanh\u00e3 ser\u00e1 outro dia.<\/p>\n<p>Chico Xavier &#8211; Meimei<\/p>\n","protected":false},"excerpt":{"rendered":"<p>N\u00e3o percas a tua f\u00e9 entre as sombras do mundo. Ainda que os teus p\u00e9s estejam sangrando, segue para a frente, erguendo-a por luz celeste, acima de ti mesmo. Cr\u00ea e batalha.<\/p>\n","protected":false},"author":2,"featured_media":743,"comment_status":"open","ping_status":"open","sticky":false,"template":"","format":"standard","meta":{"footnotes":""},"categories":[4],"tags":[],"class_list":["post-951","post","type-post","status-publish","format-standard","has-post-thumbnail","hentry","category-reflexoes"],"_links":{"self":[{"href":"https:\/\/www.gruposamaritano.com.br\/ges\/wp-json\/wp\/v2\/posts\/951","targetHints":{"allow":["GET"]}}],"collection":[{"href":"https:\/\/www.gruposamaritano.com.br\/ges\/wp-json\/wp\/v2\/posts"}],"about":[{"href":"https:\/\/www.gruposamaritano.com.br\/ges\/wp-json\/wp\/v2\/types\/post"}],"author":[{"embeddable":true,"href":"https:\/\/www.gruposamaritano.com.br\/ges\/wp-json\/wp\/v2\/users\/2"}],"replies":[{"embeddable":true,"href":"https:\/\/www.gruposamaritano.com.br\/ges\/wp-json\/wp\/v2\/comments?post=951"}],"version-history":[{"count":0,"href":"https:\/\/www.gruposamaritano.com.br\/ges\/wp-json\/wp\/v2\/posts\/951\/revisions"}],"wp:featuredmedia":[{"embeddable":true,"href":"https:\/\/www.gruposamaritano.com.br\/ges\/wp-json\/wp\/v2\/media\/743"}],"wp:attachment":[{"href":"https:\/\/www.gruposamaritano.com.br\/ges\/wp-json\/wp\/v2\/media?parent=951"}],"wp:term":[{"taxonomy":"category","embeddable":true,"href":"https:\/\/www.gruposamaritano.com.br\/ges\/wp-json\/wp\/v2\/categories?post=951"},{"taxonomy":"post_tag","embeddable":true,"href":"https:\/\/www.gruposamaritano.com.br\/ges\/wp-json\/wp\/v2\/tags?post=951"}],"curies":[{"name":"wp","href":"https:\/\/api.w.org\/{rel}","templated":true}]}}