{"id":911,"date":"2015-06-29T10:10:56","date_gmt":"2015-06-29T13:10:56","guid":{"rendered":"https:\/\/www.gruposamaritano.com.br\/ges\/?p=911"},"modified":"2015-06-29T10:10:56","modified_gmt":"2015-06-29T13:10:56","slug":"nao-se-diga-pior","status":"publish","type":"post","link":"https:\/\/www.gruposamaritano.com.br\/ges\/2015\/06\/nao-se-diga-pior\/","title":{"rendered":"N\u00e3o se diga pior&#8230;"},"content":{"rendered":"<p>N\u00e3o se diga pior em momento algum. Se voc\u00ea j\u00e1 consegue escutar com paci\u00eancia nas horas dif\u00edceis&#8230;<br \/>\nSe pode silenciar a pr\u00f3pria irrita\u00e7\u00e3o nas horas amargas&#8230;<br \/>\nSe tem \u00e2nimo para sofrer sem lamenta\u00e7\u00e3o..<br \/>\nSe j\u00e1 suporta os problemas da pr\u00f3pria casa, procurando solucion\u00e1-los sem azedume e sem queixa&#8230;<br \/>\n<!--more-->Se tem for\u00e7a para calar esse ou aquele assunto infeliz&#8230;<br \/>\nSe respeita a liberdade dos outros&#8230;<br \/>\nSe aguenta a visita da enfermidade sem alarmar o ambiente onde se encontre&#8230;<br \/>\nSe desculpa ofensas reconhecendo que somos tamb\u00e9m capazes de ofender&#8230;<br \/>\nSe procura o trabalho com alegria&#8230;<br \/>\nSe confia em Deus e espera por Deus, sem desesperar, sejam quais sejam as circunst\u00e2ncias da vida&#8230;<br \/>\nEnt\u00e3o, voc\u00ea j\u00e1 ter\u00e1 melhorado muito e prosseguir\u00e1 sempre melhor. <\/p>\n<p>Autor<br \/>\nAndr\u00e9 Luiz<\/p>\n<p>M\u00e9dium<br \/>\nChico Xavier<\/p>\n","protected":false},"excerpt":{"rendered":"<p>N\u00e3o se diga pior em momento algum. Se voc\u00ea j\u00e1 consegue escutar com paci\u00eancia nas horas dif\u00edceis&#8230; Se pode silenciar a pr\u00f3pria irrita\u00e7\u00e3o nas horas amargas&#8230; Se tem \u00e2nimo para sofrer sem lamenta\u00e7\u00e3o.. Se j\u00e1 suporta os problemas da pr\u00f3pria casa, procurando solucion\u00e1-los sem azedume e sem queixa&#8230;<\/p>\n","protected":false},"author":2,"featured_media":789,"comment_status":"open","ping_status":"open","sticky":false,"template":"","format":"standard","meta":{"footnotes":""},"categories":[4],"tags":[],"class_list":["post-911","post","type-post","status-publish","format-standard","has-post-thumbnail","hentry","category-reflexoes"],"_links":{"self":[{"href":"https:\/\/www.gruposamaritano.com.br\/ges\/wp-json\/wp\/v2\/posts\/911","targetHints":{"allow":["GET"]}}],"collection":[{"href":"https:\/\/www.gruposamaritano.com.br\/ges\/wp-json\/wp\/v2\/posts"}],"about":[{"href":"https:\/\/www.gruposamaritano.com.br\/ges\/wp-json\/wp\/v2\/types\/post"}],"author":[{"embeddable":true,"href":"https:\/\/www.gruposamaritano.com.br\/ges\/wp-json\/wp\/v2\/users\/2"}],"replies":[{"embeddable":true,"href":"https:\/\/www.gruposamaritano.com.br\/ges\/wp-json\/wp\/v2\/comments?post=911"}],"version-history":[{"count":0,"href":"https:\/\/www.gruposamaritano.com.br\/ges\/wp-json\/wp\/v2\/posts\/911\/revisions"}],"wp:featuredmedia":[{"embeddable":true,"href":"https:\/\/www.gruposamaritano.com.br\/ges\/wp-json\/wp\/v2\/media\/789"}],"wp:attachment":[{"href":"https:\/\/www.gruposamaritano.com.br\/ges\/wp-json\/wp\/v2\/media?parent=911"}],"wp:term":[{"taxonomy":"category","embeddable":true,"href":"https:\/\/www.gruposamaritano.com.br\/ges\/wp-json\/wp\/v2\/categories?post=911"},{"taxonomy":"post_tag","embeddable":true,"href":"https:\/\/www.gruposamaritano.com.br\/ges\/wp-json\/wp\/v2\/tags?post=911"}],"curies":[{"name":"wp","href":"https:\/\/api.w.org\/{rel}","templated":true}]}}