{"id":1892,"date":"2017-06-28T23:16:39","date_gmt":"2017-06-29T02:16:39","guid":{"rendered":"https:\/\/www.gruposamaritano.com.br\/ges\/?p=1892"},"modified":"2017-06-28T23:17:25","modified_gmt":"2017-06-29T02:17:25","slug":"oracao-pelos-filhos","status":"publish","type":"post","link":"https:\/\/www.gruposamaritano.com.br\/ges\/2017\/06\/oracao-pelos-filhos\/","title":{"rendered":"Ora\u00e7\u00e3o Pelos Filhos&#8230;"},"content":{"rendered":"<p>Meu Senhor, quero te louvar e agradecer pela vida dos meus filhos.<br \/>\nEles representam para mim a manifesta\u00e7\u00e3o do Teu amor em nosso lar.<\/p>\n<p>\u00c9 uma grande responsabilidade prepar\u00e1-los para a vida, por isso d\u00e1-me recursos e sabedoria para saber o melhor.<\/p>\n<p><!--more--><\/p>\n<p>Que eu possa am\u00e1-los, compreend\u00ea-los e ensinar-lhes o caminho certo.<\/p>\n<p>D\u00e1-lhes sa\u00fade, intelig\u00eancia, capacidade, amor e Tua prote\u00e7\u00e3o.<br \/>\nQue o Teu anjo esteja com eles em cada passo que derem.<br \/>\nQue eu possa ser para eles, o pai\/m\u00e3e amoroso(a), sincero(a) e amigo(a), que precisarem em qualquer fase de suas vidas.<\/p>\n<p>Entrego meus filhos em tuas m\u00e3os, confiante que ser\u00e3o aben\u00e7oados em tudo por Ti.<\/p>\n<p>Am\u00e9m.<\/p>\n","protected":false},"excerpt":{"rendered":"<p>Meu Senhor, quero te louvar e agradecer pela vida dos meus filhos. Eles representam para mim a manifesta\u00e7\u00e3o do Teu amor em nosso lar. \u00c9 uma grande responsabilidade prepar\u00e1-los para a vida, por isso d\u00e1-me recursos e sabedoria para saber o melhor.<\/p>\n","protected":false},"author":2,"featured_media":984,"comment_status":"open","ping_status":"open","sticky":false,"template":"","format":"standard","meta":{"footnotes":""},"categories":[4],"tags":[],"class_list":["post-1892","post","type-post","status-publish","format-standard","has-post-thumbnail","hentry","category-reflexoes"],"_links":{"self":[{"href":"https:\/\/www.gruposamaritano.com.br\/ges\/wp-json\/wp\/v2\/posts\/1892","targetHints":{"allow":["GET"]}}],"collection":[{"href":"https:\/\/www.gruposamaritano.com.br\/ges\/wp-json\/wp\/v2\/posts"}],"about":[{"href":"https:\/\/www.gruposamaritano.com.br\/ges\/wp-json\/wp\/v2\/types\/post"}],"author":[{"embeddable":true,"href":"https:\/\/www.gruposamaritano.com.br\/ges\/wp-json\/wp\/v2\/users\/2"}],"replies":[{"embeddable":true,"href":"https:\/\/www.gruposamaritano.com.br\/ges\/wp-json\/wp\/v2\/comments?post=1892"}],"version-history":[{"count":0,"href":"https:\/\/www.gruposamaritano.com.br\/ges\/wp-json\/wp\/v2\/posts\/1892\/revisions"}],"wp:featuredmedia":[{"embeddable":true,"href":"https:\/\/www.gruposamaritano.com.br\/ges\/wp-json\/wp\/v2\/media\/984"}],"wp:attachment":[{"href":"https:\/\/www.gruposamaritano.com.br\/ges\/wp-json\/wp\/v2\/media?parent=1892"}],"wp:term":[{"taxonomy":"category","embeddable":true,"href":"https:\/\/www.gruposamaritano.com.br\/ges\/wp-json\/wp\/v2\/categories?post=1892"},{"taxonomy":"post_tag","embeddable":true,"href":"https:\/\/www.gruposamaritano.com.br\/ges\/wp-json\/wp\/v2\/tags?post=1892"}],"curies":[{"name":"wp","href":"https:\/\/api.w.org\/{rel}","templated":true}]}}