{"id":1791,"date":"2017-04-07T22:36:36","date_gmt":"2017-04-08T01:36:36","guid":{"rendered":"https:\/\/www.gruposamaritano.com.br\/ges\/?p=1791"},"modified":"2017-04-07T22:38:27","modified_gmt":"2017-04-08T01:38:27","slug":"que-eu-me-permita","status":"publish","type":"post","link":"https:\/\/www.gruposamaritano.com.br\/ges\/2017\/04\/que-eu-me-permita\/","title":{"rendered":"Que eu me permita&#8230;"},"content":{"rendered":"<p>Que eu me permita olhar e escutar e sonhar mais.<br \/>\nFalar menos.<br \/>\nChorar menos.<br \/>\nVer nos olhos de quem me v\u00ea a admira\u00e7\u00e3o que eles me t\u00eam e n\u00e3o a inveja que prepotentemente penso que t\u00eam.<br \/>\nEscutar com meus ouvidos atentos e minha boca est\u00e1tica, as palavras que se fazem gestos e os gestos que se fazem palavras.<br \/>\n<!--more--><\/p>\n<p>Permitir sempre escutar aquilo que eu n\u00e3o tenho me permitido escutar.<br \/>\nSaber realizar os sonhos que nascem em mim e por mim e comigo morrem por eu n\u00e3o os saber sonhos.<br \/>\nEnt\u00e3o, que eu possa viver os sonhos poss\u00edveis e os imposs\u00edveis;<br \/>\naqueles que morrem e ressuscitam<br \/>\na cada novo fruto, a cada nova flor,<br \/>\na cada novo calor, a cada nova geada,a cada novo dia.<br \/>\nQue eu possa sonhar o ar, sonhar o mar,<br \/>\nsonhar o amar, sonhar o amalgamar.<br \/>\nQue eu me permita o sil\u00eancio das formas, dos movimentos, do imposs\u00edvel, da imensid\u00e3o de toda profundeza.<br \/>\nQue eu possa substituir minhas palavras<br \/>\npelo toque, pelo sentir, pelo compreender,<br \/>\npelo segredo das coisas mais raras,<br \/>\npela ora\u00e7\u00e3o mental (aquela que a alma cria e que s\u00f3 ela, alma, ouve e s\u00f3 ela, alma, responde).<br \/>\nQue eu saiba dimensionar o calor, experimentar a forma, vislumbrar as curvas, desenhar as retas, e aprender o sabor da exuber\u00e2ncia que se mostra nas pequenas manifesta\u00e7\u00f5es da vida.<br \/>\nQue eu saiba reproduzir na alma a imagem que entra pelos meus olhos,<br \/>\nfazendo-me parte suprema da natureza, criando-me e recriando-me a cada instante.<br \/>\nQue eu possa chorar menos de tristeza e mais de contentamentos.<br \/>\nQue meu choro n\u00e3o seja em v\u00e3o,<br \/>\nque em v\u00e3o n\u00e3o sejam minhas d\u00favidas.<br \/>\nQue eu saiba perder meus caminhos, mas saiba recuperar meus destinos com dignidade.<br \/>\nQue eu n\u00e3o tenha medo de nada, principalmente de mim mesmo:<br \/>\n\u2014 Que eu n\u00e3o tenha medo de meus medos!<br \/>\nQue eu adorme\u00e7a toda vez que for derramar l\u00e1grimas in\u00fateis, e desperte com o cora\u00e7\u00e3o cheio de esperan\u00e7as.<br \/>\nQue eu fa\u00e7a de mim um homem sereno<br \/>\ndentro de minha pr\u00f3pria turbul\u00eancia,<br \/>\nS\u00e1bio dentro de meus limites pequenos e inexatos,<br \/>\nhumilde diante de minhas grandezas tolas e ing\u00eanuas (que eu me mostre o quanto s\u00e3o pequenas minhas grandezas e o quanto \u00e9 valiosa minha pequenez).<br \/>\nQue eu me permita ser m\u00e3e, ser pai, e, se for preciso, ser \u00f3rf\u00e3o.<br \/>\nPermita-me eu ensinar o pouco que sei e aprender o muito que n\u00e3o sei, traduzir o que os mestres ensinaram e compreender a alegria com que os simples traduzem suas experi\u00eancias; respeitar incondicionalmente o ser; o ser por si s\u00f3, por mais nada que possa ter al\u00e9m de sua ess\u00eancia, auxiliar a solid\u00e3o de quem chegou, render-me ao motivo de quem partiu e aceitar a<br \/>\nsaudade de quem ficou.<br \/>\nQue eu possa amar e ser amado.<br \/>\nQue eu possa amar mesmo sem ser amado, fazer gentilezas quando recebo carinhos; fazer carinhos mesmo quando n\u00e3o recebo gentilezas.<br \/>\nQue eu jamais fique s\u00f3, mesmo quando eu me queira s\u00f3.<br \/>\nAm\u00e9m.<\/p>\n<p>Oswaldo Antonio Begiato<\/p>\n","protected":false},"excerpt":{"rendered":"<p>Que eu me permita olhar e escutar e sonhar mais. Falar menos. Chorar menos. Ver nos olhos de quem me v\u00ea a admira\u00e7\u00e3o que eles me t\u00eam e n\u00e3o a inveja que prepotentemente penso que t\u00eam. Escutar com meus ouvidos atentos e minha boca est\u00e1tica, as palavras que se fazem gestos e [&hellip;]<\/p>\n","protected":false},"author":2,"featured_media":653,"comment_status":"open","ping_status":"open","sticky":false,"template":"","format":"standard","meta":{"footnotes":""},"categories":[4],"tags":[],"class_list":["post-1791","post","type-post","status-publish","format-standard","has-post-thumbnail","hentry","category-reflexoes"],"_links":{"self":[{"href":"https:\/\/www.gruposamaritano.com.br\/ges\/wp-json\/wp\/v2\/posts\/1791","targetHints":{"allow":["GET"]}}],"collection":[{"href":"https:\/\/www.gruposamaritano.com.br\/ges\/wp-json\/wp\/v2\/posts"}],"about":[{"href":"https:\/\/www.gruposamaritano.com.br\/ges\/wp-json\/wp\/v2\/types\/post"}],"author":[{"embeddable":true,"href":"https:\/\/www.gruposamaritano.com.br\/ges\/wp-json\/wp\/v2\/users\/2"}],"replies":[{"embeddable":true,"href":"https:\/\/www.gruposamaritano.com.br\/ges\/wp-json\/wp\/v2\/comments?post=1791"}],"version-history":[{"count":0,"href":"https:\/\/www.gruposamaritano.com.br\/ges\/wp-json\/wp\/v2\/posts\/1791\/revisions"}],"wp:featuredmedia":[{"embeddable":true,"href":"https:\/\/www.gruposamaritano.com.br\/ges\/wp-json\/wp\/v2\/media\/653"}],"wp:attachment":[{"href":"https:\/\/www.gruposamaritano.com.br\/ges\/wp-json\/wp\/v2\/media?parent=1791"}],"wp:term":[{"taxonomy":"category","embeddable":true,"href":"https:\/\/www.gruposamaritano.com.br\/ges\/wp-json\/wp\/v2\/categories?post=1791"},{"taxonomy":"post_tag","embeddable":true,"href":"https:\/\/www.gruposamaritano.com.br\/ges\/wp-json\/wp\/v2\/tags?post=1791"}],"curies":[{"name":"wp","href":"https:\/\/api.w.org\/{rel}","templated":true}]}}