{"id":1789,"date":"2017-04-06T18:51:58","date_gmt":"2017-04-06T21:51:58","guid":{"rendered":"https:\/\/www.gruposamaritano.com.br\/ges\/?p=1789"},"modified":"2017-04-06T18:51:58","modified_gmt":"2017-04-06T21:51:58","slug":"voce-ja-teve-intuicoes","status":"publish","type":"post","link":"https:\/\/www.gruposamaritano.com.br\/ges\/2017\/04\/voce-ja-teve-intuicoes\/","title":{"rendered":"VOC\u00ca J\u00c1 TEVE INTUI\u00c7\u00d5ES?"},"content":{"rendered":"<p>VOC\u00ca J\u00c1 TEVE INTUI\u00c7\u00d5ES? COMO SABER SE A INTUI\u00c7\u00c3O \u00c9 FRUTO DA INSPIRA\u00c7\u00c3O DE UM ESP\u00cdRITO OU DA NOSSA PR\u00d3PRIA MENTE?<\/p>\n<p>Acreditamos que a intui\u00e7\u00e3o possa ser considerada como uma esp\u00e9cie de intelig\u00eancia superior, fruto dos nossos conhecimentos acumulados, ainda que n\u00e3o tenhamos consci\u00eancia deles. \u00c9 uma manifesta\u00e7\u00e3o da nossa \u201calma\u201d, reflexo da Intelig\u00eancia Divina que habita em n\u00f3s. Por isso, transcende os limites da raz\u00e3o.<\/p>\n<p><!--more--><\/p>\n<p>Mediunicamente considerada, \u00e9 uma esp\u00e9cie de inspira\u00e7\u00e3o que os esp\u00edritos nos d\u00e3o, captada psiquicamente, muitas vezes sem que nos damos conta. \u00c9 algo que dever\u00edamos utilizar com mais frequ\u00eancia, mas, na maioria das vezes, n\u00e3o conseguimos captar as mensagens que nossos guias ou amigos espirituais nos enviam, constantemente, com a inten\u00e7\u00e3o de nos auxiliar.<br \/>\nSe soub\u00e9ssemos utilizar a intui\u00e7\u00e3o poder\u00edamos resolver muitos problemas que nos afligem no dia-a-dia. Mas o problema maior \u00e9 que, normalmente, pedimos ajuda espiritual em momento de afli\u00e7\u00e3o, e dessa forma, n\u00e3o conseguimos captar a inspira\u00e7\u00e3o com clareza.<\/p>\n<p>No livro O Despertar da Intui\u00e7\u00e3o \u2013 Desenvolvendo o seu Sexto Sentido, do escritor e m\u00e9dium americano, James Van Praagh, ele explica que \u201cintui\u00e7\u00e3o \u00e9 uma sensa\u00e7\u00e3o de saber, e isso vem de dentro. Essa sensa\u00e7\u00e3o \u00e9 espont\u00e2nea, n\u00e3o \u00e9 racional. Se voc\u00ea se esfor\u00e7ar muito para usar sua intui\u00e7\u00e3o, impedir\u00e1 o processo. Em outras palavras: intui\u00e7\u00e3o n\u00e3o \u00e9 uma coisa que voc\u00ea possa fazer<br \/>\nacontecer. Ela simplesmente acontece. Voc\u00ea pode aprender a perceber quando ela ocorre. A intui\u00e7\u00e3o acontece quando nossas mentes est\u00e3o relaxadas e n\u00e3o concentradas em um determinada tarefa\u201d.<br \/>\nPrecisamos estar com a mente tranquila e harmoniosa com o Alto para que possamos ter a intui\u00e7\u00e3o. Caso contr\u00e1rio, nossa sintonia estar\u00e1 vibrando em baixa frequ\u00eancia, sendo assim, a \u00fanica intui\u00e7\u00e3o que receberemos \u00e9 da espiritualidade das trevas ou de quem nos queira prejudicar.<\/p>\n<p>A intui\u00e7\u00e3o em ambiente harmonioso \u00e9 t\u00e3o importante que escritores, compositores, pintores etc, somente conseguem exercer sua arte em lugares onde h\u00e1 tranquilidade e que possam trabalhar aproveitando sua intui\u00e7\u00e3o da melhor maneira poss\u00edvel.<\/p>\n<p>Mas, como saber se a intui\u00e7\u00e3o \u00e9 fruto da inspira\u00e7\u00e3o de um esp\u00edrito ou de nossa pr\u00f3pria mente? Van Praagh escreve que \u201cpara fazer contato com esse tipo de conhecimento, \u00e9 preciso come\u00e7ar estabelecendo um relacionamento \u00edntimo com voc\u00ea. Quanto mais compreender suas pr\u00f3prias raz\u00f5es, ideias e cren\u00e7as, mais f\u00e1cil se tornar\u00e1 separar o que \u00e9 seu daquilo que \u00e9 dos<br \/>\nesp\u00edritos\u201d. Inspira\u00e7\u00e3o dos esp\u00edritos<\/p>\n<p>Certa vez, uma amiga m\u00e9dium me disse que meu pai iria manter contato comigo.<br \/>\nEle j\u00e1 havia desencarnado h\u00e1 anos. Mas ela afirmou que ele faria contato em breve. Certo dia, minha esposa trouxe as correspond\u00eancias para mim e o que nos espantou foi que, em uma delas, o destinat\u00e1rio estava no nome de meu pai. Ficamos espantados. Como aquilo havia acontecido? Lembrei-me que havia preenchido um cadastro em uma loja, com os meus dados e tamb\u00e9m o nome de meus pais. O impressionante \u00e9 que ao inv\u00e9s da loja enviar a correspond\u00eancia em meu nome, enviou no de meu pai. O que isto quer dizer? Que a m\u00e9dium, minha amiga, estava certa? Tamb\u00e9m! Mas meu pai quis me alertar que ele estava ao meu lado, para eu ficar atento, pois estava me inspirando no dia-a-dia. \u00c0s vezes, um ente querido ou um amigo j\u00e1 desencarnado nos envia<br \/>\numa mensagem similar, mas como estamos preocupados com nossos problemas, deixamos de captar o que poderia ser a solu\u00e7\u00e3o de uma afli\u00e7\u00e3o.Van Praagh explica que \u201cno n\u00edvel mental, a intui\u00e7\u00e3o costuma manifestar-se em forma de imagens (&#8230;) Os inventores afirmam que suas inven\u00e7\u00f5es lhes chegam por devaneios, sonhos noturnos ou quando n\u00e3o est\u00e3o concentrados nos problemas<br \/>\n(&#8230;) Executivos com altos cargos administrativos costumam dizer que tiveram uma \u2018sensa\u00e7\u00e3o visceral\u2019 ao tomar certa decis\u00e3o (&#8230;) A capacidade de saber intuitivamente o que vai dar certo aumenta a possibilidade de sucesso de uma pessoa nos neg\u00f3cios\u201d.<\/p>\n<p>Confiando na voz interior<\/p>\n<p>Isto explica alguma intui\u00e7\u00e3o que a pessoa tem e \u00e9 considerada maluca, pois os outros acham absurda aquela ideia. Por\u00e9m, a pessoa dever\u00e1 se manter firme em sua convic\u00e7\u00e3o, afinal a intui\u00e7\u00e3o lhe mostrou uma imagem, o que d\u00e1 a certeza de estar fazendo a coisa certa. Essa passagem me lembra Juscelino Kubitcheck. Quando idealizou Bras\u00edlia, ele seguiu sua intui\u00e7\u00e3o e colocou em<br \/>\npr\u00e1tica um projeto audacioso. Se ele n\u00e3o seguisse sua intui\u00e7\u00e3o, a imagem daquela cidade no planalto central n\u00e3o passaria de mera imagem.<\/p>\n<p>Comecei a praticar as t\u00e9cnicas descritas na obra de James Van Praagh, afinal, os pequenos detalhes fazem a diferen\u00e7a. Assim, dia desses, quando voltava de carro de uma viagem a trabalho no norte de Goi\u00e1s, pegando a BR 153, fiquei na d\u00favida se seguiria para Goi\u00e2nia (onde poderia continuar a trabalhar) ou voltaria para Bras\u00edlia, onde moro. Em determinado ponto da estrada, pedi aux\u00edlio aos meus guias espirituais que pudessem me inspirar o que seria melhor para mim. Estava chegando a um trevo onde seguir reto seria tomar um caminho logo \u00e0 frente para Bras\u00edlia ou virar a direita era ir para Goi\u00e2nia. Quando mentalizava ao Alto pedindo uma intui\u00e7\u00e3o, uma viatura da pol\u00edcia rodovi\u00e1ria veio na contram\u00e3o em minha dire\u00e7\u00e3o. Achei aquilo estranho. Quando a viatura chegou no trevo, parou. Perguntei se n\u00e3o podia seguir\u201d e o policial respondeu: \u201cS\u00f3 se for para Goi\u00e2nia\u201d \u2013 apontando a<br \/>\nestrada a minha direita, pois havia acontecido um acidente na outra estrada.<br \/>\nFiquei pasmo ao ouvir aquilo. Muitas pessoas v\u00e3o dizer que \u00e9 coincid\u00eancia, mas n\u00e3o acredito em coincid\u00eancias e penso que nada acontece por acaso. Segui viagem para Goi\u00e2nia pensando no acontecido. Acabei fechando bons neg\u00f3cios naquela cidade. Neste caso soube ouvir e seguir a minha intui\u00e7\u00e3o.<\/p>\n<p>James Van Praagh escreve que \u201ca intui\u00e7\u00e3o tamb\u00e9m deve estar integrada ao intelecto para podermos traduzir as informa\u00e7\u00f5es enviadas por ela. M\u00e9dicos que passaram anos na faculdade sabem que combinar seu conhecimento m\u00e9dico com a intui\u00e7\u00e3o \u00e9 a melhor forma de diagnosticar problemas dif\u00edceis de serem identificados por meios convencionais\u201d.<\/p>\n<p>Sendo assim, n\u00e3o basta pedir, temos que fazer a nossa parte. Para que a intui\u00e7\u00e3o funcione precisamos ter f\u00e9. N\u00e3o adianta voc\u00ea pedir para ser inspirado em algo, se no fundo n\u00e3o acredita que seja poss\u00edvel. \u00c9 a mesma coisa de orar sem f\u00e9, ou seja, o pedido \u00e9 em v\u00e3o. \u201cS\u00f3 \u00e9 poss\u00edvel desenvolver a percep\u00e7\u00e3o medi\u00fanica com que voc\u00ea nasceu atrav\u00e9s da pr\u00e1tica e com persist\u00eancia. \u00c9 um processo de sintonia em que o instrumento \u00e9 seu pr\u00f3prio sexto sentido\u201d, finaliza Van Praagh.<\/p>\n<p>Fonte: Revista Crist\u00e3 de Espiritismo<\/p>\n","protected":false},"excerpt":{"rendered":"<p>VOC\u00ca J\u00c1 TEVE INTUI\u00c7\u00d5ES? COMO SABER SE A INTUI\u00c7\u00c3O \u00c9 FRUTO DA INSPIRA\u00c7\u00c3O DE UM ESP\u00cdRITO OU DA NOSSA PR\u00d3PRIA MENTE? Acreditamos que a intui\u00e7\u00e3o possa ser considerada como uma esp\u00e9cie de intelig\u00eancia superior, fruto dos nossos conhecimentos acumulados, ainda que n\u00e3o tenhamos consci\u00eancia deles. \u00c9 uma manifesta\u00e7\u00e3o da nossa \u201calma\u201d, reflexo [&hellip;]<\/p>\n","protected":false},"author":2,"featured_media":1223,"comment_status":"open","ping_status":"open","sticky":false,"template":"","format":"standard","meta":{"footnotes":""},"categories":[4],"tags":[],"class_list":["post-1789","post","type-post","status-publish","format-standard","has-post-thumbnail","hentry","category-reflexoes"],"_links":{"self":[{"href":"https:\/\/www.gruposamaritano.com.br\/ges\/wp-json\/wp\/v2\/posts\/1789","targetHints":{"allow":["GET"]}}],"collection":[{"href":"https:\/\/www.gruposamaritano.com.br\/ges\/wp-json\/wp\/v2\/posts"}],"about":[{"href":"https:\/\/www.gruposamaritano.com.br\/ges\/wp-json\/wp\/v2\/types\/post"}],"author":[{"embeddable":true,"href":"https:\/\/www.gruposamaritano.com.br\/ges\/wp-json\/wp\/v2\/users\/2"}],"replies":[{"embeddable":true,"href":"https:\/\/www.gruposamaritano.com.br\/ges\/wp-json\/wp\/v2\/comments?post=1789"}],"version-history":[{"count":0,"href":"https:\/\/www.gruposamaritano.com.br\/ges\/wp-json\/wp\/v2\/posts\/1789\/revisions"}],"wp:featuredmedia":[{"embeddable":true,"href":"https:\/\/www.gruposamaritano.com.br\/ges\/wp-json\/wp\/v2\/media\/1223"}],"wp:attachment":[{"href":"https:\/\/www.gruposamaritano.com.br\/ges\/wp-json\/wp\/v2\/media?parent=1789"}],"wp:term":[{"taxonomy":"category","embeddable":true,"href":"https:\/\/www.gruposamaritano.com.br\/ges\/wp-json\/wp\/v2\/categories?post=1789"},{"taxonomy":"post_tag","embeddable":true,"href":"https:\/\/www.gruposamaritano.com.br\/ges\/wp-json\/wp\/v2\/tags?post=1789"}],"curies":[{"name":"wp","href":"https:\/\/api.w.org\/{rel}","templated":true}]}}