{"id":1749,"date":"2017-03-31T23:08:18","date_gmt":"2017-04-01T02:08:18","guid":{"rendered":"https:\/\/www.gruposamaritano.com.br\/ges\/?p=1749"},"modified":"2017-03-31T23:08:18","modified_gmt":"2017-04-01T02:08:18","slug":"por-que-vim-parar-no-umbral","status":"publish","type":"post","link":"https:\/\/www.gruposamaritano.com.br\/ges\/2017\/03\/por-que-vim-parar-no-umbral\/","title":{"rendered":"Por que vim parar no Umbral"},"content":{"rendered":"<p>Como o nome j\u00e1 diz as zonas purgatoriais servem para purgar, drenar, exaurir alguma coisa. E n\u00e3o se engane: muitos de n\u00f3s \u2013 a maioria, para ser mais exato -, ao desencarnarmos, teremos ainda o que drenar do nosso psiquismo desajustado, das nossas culpas, complexos, etc. Logo, a possibilidade de, ao desencarnarmos nos depararmos com um ambiente desses n\u00e3o \u00e9 t\u00e3o remota assim. \u00c9 bom estar preparado!<\/p>\n<p><!--more--><\/p>\n<p>O Espiritismo denomina essas zonas purgatoriais de UMBRAL, termo utilizado pelo esp\u00edrito Andr\u00e9 Luiz em sua principal obra \u201cO Nosso Lar\u201d. Para se ter uma ideia, e s\u00f3 para exemplificar, Andr\u00e9 Luiz era m\u00e9dico e n\u00e3o era uma pessoa m\u00e1. Era uma pessoa comum, como qualquer um de n\u00f3s, e n\u00e3o fazia coisas que a maioria de n\u00f3s n\u00e3o fa\u00e7a. Morreu v\u00edtima de c\u00e2ncer causado pelos h\u00e1bitos<br \/>\nalimentares e pelo uso de cigarro e \u00e1lcool. Por isso, ao desencarnar, segundo a \u00f3tica espiritual, foi considerado suicida, e passou OITO longos anos no Umbral. Mas, voltando ao assunto, vamos, ent\u00e3o, tentar entender primeiro, o que significa \u201cUmbral\u201d segundo esse mesmo esp\u00edrito:<\/p>\n<p>De acordo com Andr\u00e9 Luiz (atrav\u00e9s da psicografia de Chico Xavier), \u201cUmbral \u00e9 uma regi\u00e3o destinada ao esgotamento de res\u00edduos mentais em um per\u00edodo posterior ao descarne, que possibilita ao esp\u00edrito entender o seu atual estado espiritual\u201d.<\/p>\n<p>Para o espiritismo, de forma geral, o \u201cUmbral\u201d \u00e9 um estado ou lugar transit\u00f3rio por onde passa a MAIORIA dos homens ap\u00f3s a morte, no qual experimentam sofrimentos \u201cf\u00edsicos\u201d e morais, como a sensa\u00e7\u00e3o de necrose do corpo e a vergonha de se ver incapaz de ocultar suas fraquezas e desejos mais \u00edntimos dos olhares curiosos e\/ou inquisidores de outros esp\u00edritos<br \/>\n(sabe aquilo que voc\u00ea sente ou pensa, mas que n\u00e3o conta pra ningu\u00e9m? L\u00e1 n\u00e3o tem jeito! Tudo \u00e9 evidente!).<\/p>\n<p>Muitos romances medi\u00fanicos dizem que o Umbral \u00e9 um estado de confus\u00e3o mental ou lugar espiritual situado pr\u00f3ximo \u00e0 crosta terrestre e habitado por esp\u00edritos obsessores. Segundo esses livros, o Umbral \u00e9 um lugar frio, cinzento, onde esp\u00edritos ficam vagando, sofrendo, sentindo dores \u201ccarnais\u201d, remoendo os rancores e m\u00e1goas, enquanto n\u00e3o tiverem o arrependimento necess\u00e1rio para se livrarem daquele lugar e alcan\u00e7arem um plano espiritual melhor, onde poder\u00e3o ajudar outros esp\u00edritos e at\u00e9 mesmo preparar sua reencarna\u00e7\u00e3o, consertando seus erros e atitudes.<\/p>\n<p>Sendo um lugar pr\u00f3prio para o expurgo de res\u00edduos mentais, \u00e9 prov\u00e1vel que a grande maioria dos atualmente encarnados estagiem por l\u00e1 logo ap\u00f3s o desencarne, pois raros s\u00e3o os que vivem sem guardar rancores, sem alimentar m\u00e1goas e sem arrastar os pesados fardos mentais e morais que insistimos em criar para n\u00f3s mesmos.<\/p>\n<p>O tempo de perman\u00eancia no Umbral e a ocorr\u00eancia de processos dolorosos de culpa e flagela\u00e7\u00e3o, vai depender do est\u00e1gio evolutivo do esp\u00edrito e do reconhecimento humilde das faltas cometidas. Quanto pior o est\u00e1gio consciencial (mais culpas, mais erros, mais m\u00e1goas, mais rancor, mais materialismo, mais auto-piedade, etc), maior ser\u00e1 o tempo necess\u00e1rio para a drenagem desses pesados fardos ps\u00edquicos.<\/p>\n<p>Uma vez esgotados esses fardos, a\u00ed sim, o perisp\u00edrito ganha a fluidez necess\u00e1ria para permitir a sintonia com planos mais elevados da espiritualidade. Por isso, o tempo de perman\u00eancia no Umbral \u00e9 NECESS\u00c1RIO \u2013 e n\u00e3o deve ser entendido como castigo.<\/p>\n<p>Para que esses fluidos possam ser expurgados, \u00e9 necess\u00e1rio que sejam colocados para fora. Isso \u00e9 conseguido somente atrav\u00e9s da reflex\u00e3o e do arrependimento. E, c\u00e1 entre n\u00f3s, o pr\u00f3prio clima umbralino propicia a reflex\u00e3o necess\u00e1ria, uma vez que l\u00e1, a atmosfera \u00e9 densa devido aos pensamentos em desalinho de seus frequentadores, tornando todo o ambiente pesado, escuro, com paisagens hostis, e figuras mentais distorcidas, as quais vagam por essas paragens aterrorizando os que por l\u00e1 estagiam. L\u00e1, o<br \/>\nesp\u00edrito sente dores, \u00e9 torturado por outros em pior estado mental, sente sede e s\u00f3 encontra \u00e1gua f\u00e9tida e polu\u00edda, sente fome e n\u00e3o h\u00e1 o que ingerir, \u00e9 humilhado, perseguido, violado e, \u00e0s vezes, ainda sente a necrose do corpo f\u00edsico que deixou na Terra. Todo esse clima hostil acaba contribuindo como incentivo \u00e0 reflex\u00e3o e \u00e0 busca do melhoramento. \u00c9 aquela hist\u00f3ria: temos<br \/>\nanos e anos para aprendermos a ser melhores enquanto encarnados. N\u00e3o soubemos aproveitar? Enquanto encarnados, ach\u00e1vamos que est\u00e1vamos de f\u00e9rias? Ent\u00e3o, se n\u00e3o foi por bem&#8230;<\/p>\n<p>Al\u00e9m disso, como se n\u00e3o bastasse, n\u00e3o s\u00e3o apenas as cria\u00e7\u00f5es mentais horrorosas que povoam o Umbral. H\u00e1 tamb\u00e9m esp\u00edritos ainda bastante endurecidos, que se negam \u00e0 reforma \u00edntima e que fazem de tudo para arregimentar outros esp\u00edritos para as suas hordas negativas. Criam verdadeiros ex\u00e9rcitos de terror; escravizam pela viol\u00eancia tantos quantos puderem, e implantam o medo entre os que assim permitem. \u00c9 \u00f3bvio que a Provid\u00eancia Divina n\u00e3o permite que esses esp\u00edritos perdurem eternamente na maldade \u2013 afinal todos os esp\u00edritos s\u00e3o impelidos \u00e0 evolu\u00e7\u00e3o -, contudo, sempre h\u00e1 esp\u00edritos endurecidos o bastante para assumirem postos deixados por outros que j\u00e1 resolveram galgar novos planos evolutivos.<\/p>\n<p>E voc\u00ea? Ser\u00e1 que tamb\u00e9m estar\u00e1 entre os pobres sofredores que perambular\u00e3o pelo Umbral ap\u00f3s a morte? \u00c9 prov\u00e1vel que sim! Eu, voc\u00ea e a maioria dos nossos amigos! Contudo, o tempo de sua estadia por l\u00e1 ir\u00e1 depender de seu entendimento e da sua busca pela reforma \u00edntima (aquela mesma que voc\u00ea, enquanto estava na Terra, falava: um dia eu fa\u00e7o!). E n\u00e3o tem jeito: o expurgo das larvas e fardos mentais criados, se n\u00e3o for feito enquanto encarnado, ter\u00e1 que ser feito, inexoravelmente, ap\u00f3s a morte do corpo<br \/>\nf\u00edsico! Por isso, \u00e9 importante, desde j\u00e1, n\u00e3o guardar m\u00e1goas e nem rancores, n\u00e3o alimentar sentimentos negativos, destrutivos e auto-destrutivos e, mais que isso, tentar resolver os pr\u00f3prios conflitos emocionais, aproveitando a oportunidade dessa encarna\u00e7\u00e3o.<\/p>\n<p>Ao desencarnar, se voc\u00ea perceber que foi parar no Umbral, pare e tente refletir: \u201co que terei feito para ter acumulado fardos negativos?\u201d, \u201cQuais os sentimentos que me embrutecem o esp\u00edrito?\u201d, \u201cQuantas pessoas magoei?\u201d, \u201cQuais as paix\u00f5es de que n\u00e3o me libertei?\u201d, \u201cTerei alimentado algum v\u00edcio?\u201d, \u201cContribu\u00ed para a infelicidade de algu\u00e9m?\u201d, \u201cQuais os sentimentos de culpa e<br \/>\nauto-culpa que ainda possuo, e por qu\u00ea?\u201d \u201cFiz algum mal ao meu corpo  f\u00edsico?\u201d Reflex\u00f5es assim auxiliam \u00e0 percep\u00e7\u00e3o das pr\u00f3prias limita\u00e7\u00f5es, o arrependimento, o auto-perd\u00e3o e o encontro do melhor caminho espiritual.<\/p>\n<p>Mas n\u00e3o se engane! Se voc\u00ea refletir sobre tudo isso e ainda permanecer por l\u00e1 (nada mudou!), ent\u00e3o ser\u00e1 porque algo ainda falta! E \u00e9 para isso mesmo que existe o Umbral; para nos retirar da nossa zona de conforto, da sensa\u00e7\u00e3o de que \u201csou sempre certo\u201d, da nossa miopia existencial que nos coloca como o centro das aten\u00e7\u00f5es e do mundo, esperando sermos compreendidos. L\u00e1 n\u00e3o haver\u00e1 ningu\u00e9m para passar a m\u00e3o pela sua cabe\u00e7a e dizer \u201ccoitadinho, voc\u00ea tem raz\u00e3o&#8230;\u201d. L\u00e1 ser\u00e1 o momento da verdade: da sua verdade para com voc\u00ea mesmo! N\u00e3o haver\u00e1 espa\u00e7o para mentiras e nem para auto-engana\u00e7\u00f5es.<\/p>\n<p>E, a\u00ed, das duas uma: ou voc\u00ea se autoanalisa verdadeira e sinceramente, reconhecendo seus erros e expurgando todas as m\u00e1goas, rancores, culpas e falta de perd\u00e3o, ou ent\u00e3o continuar\u00e1 sofrendo at\u00e9 que seja vencido pelo cansa\u00e7o e pela dor. Como eu disse, o tempo que voc\u00ea ir\u00e1 passar nesse est\u00e1gio depender\u00e1 somente de voc\u00ea. Alguns esp\u00edritos passam t\u00e3o r\u00e1pido que quase n\u00e3o percebem que tiveram que passar por l\u00e1. Outros est\u00e3o l\u00e1 h\u00e1 s\u00e9culos, e ainda n\u00e3o conseguem perceber suas fragilidades emocionais e psicol\u00f3gicas. Vale, portanto, o esfor\u00e7o, desde agora, para come\u00e7ar a se analisar e jogar fora todas as bagagens negativas acumuladas. Ofendeu? Pe\u00e7a desculpas para n\u00e3o se sentir culpado! Foi ofendido? Perdoe, para n\u00e3o guardar m\u00e1goas no cora\u00e7\u00e3o!<br \/>\nTem algum v\u00edcio? Liberte-se o quanto antes, para n\u00e3o pesar no seu per\u00edspirito! Liberte-se agora! Fa\u00e7a a for\u00e7a agora! N\u00e3o deixe para amanh\u00e3! Amanh\u00e3 poder\u00e1 n\u00e3o dar mais tempo&#8230;<\/p>\n<p>Mas, voltando ao Umbral e considerando que voc\u00ea j\u00e1 refletiu e sente que j\u00e1 n\u00e3o carrega fardos ps\u00edquicos e emocionais, o que fazer? \u00c9 hora, ent\u00e3o, de conversar com Deus e solicitar seu aux\u00edlio, pois a\u00ed sim, estar\u00e1 pronto para ser socorrido. Nossa ora\u00e7\u00e3o \u00e9 um senhor meio de contato com paragens astrais mais elevadas e, sendo sincera e envolvida por pensamentos positivos, ser\u00e1<br \/>\nentendida como o \u201cc\u00f3digo da liberta\u00e7\u00e3o\u201d.<\/p>\n<p>No Umbral, h\u00e1 v\u00e1rias esta\u00e7\u00f5es de socorro, habitadas por esp\u00edritos mais evolu\u00eddos que se ocupam justamente em socorrer aqueles que j\u00e1 se encontram em condi\u00e7\u00f5es de resgate. Esses esp\u00edritos circulam cotidianamente, em caravanas, pelas paragens umbralinas procurando esp\u00edritos que possam ser atendidos e encaminhados a esta\u00e7\u00f5es de socorro localizadas no pr\u00f3prio Umbral. Dali, em seguida, poder\u00e3o ser levados pelos caravaneiros para hospitais em col\u00f4nias espirituais superiores, onde ser\u00e3o tratados e<br \/>\npreparados para novas encarna\u00e7\u00f5es.<\/p>\n<p>Por isso, ao perceber que foi parar no Umbral, procure, em primeiro lugar, ter a consci\u00eancia de que a Provid\u00eancia Divina \u00e9 justa e que, portanto, alguma coisa voc\u00ea tem que expurgar de seu campo perispiritual. N\u00e3o se ache injusti\u00e7ado! Isso s\u00f3 iria piorar as coisas pra voc\u00ea! Em segundo lugar, reflita profundamente, visite seus sentimentos mais \u00edntimos, reconhe\u00e7a seus erros e arrependa-se de suas faltas. Por fim, ore sempre, suplicando o socorro divino que h\u00e1 de vir no momento certo, pelas m\u00e3os dos Caravaneiros do Umbral e, depois de tudo, agrade\u00e7a a Deus, por ter lhe dado uma nova chance de melhorar.<\/p>\n<p>Autor desconhecido<\/p>\n","protected":false},"excerpt":{"rendered":"<p>Como o nome j\u00e1 diz as zonas purgatoriais servem para purgar, drenar, exaurir alguma coisa. E n\u00e3o se engane: muitos de n\u00f3s \u2013 a maioria, para ser mais exato -, ao desencarnarmos, teremos ainda o que drenar do nosso psiquismo desajustado, das nossas culpas, complexos, etc. Logo, a possibilidade de, ao desencarnarmos [&hellip;]<\/p>\n","protected":false},"author":2,"featured_media":1750,"comment_status":"open","ping_status":"open","sticky":false,"template":"","format":"standard","meta":{"footnotes":""},"categories":[4],"tags":[],"class_list":["post-1749","post","type-post","status-publish","format-standard","has-post-thumbnail","hentry","category-reflexoes"],"_links":{"self":[{"href":"https:\/\/www.gruposamaritano.com.br\/ges\/wp-json\/wp\/v2\/posts\/1749","targetHints":{"allow":["GET"]}}],"collection":[{"href":"https:\/\/www.gruposamaritano.com.br\/ges\/wp-json\/wp\/v2\/posts"}],"about":[{"href":"https:\/\/www.gruposamaritano.com.br\/ges\/wp-json\/wp\/v2\/types\/post"}],"author":[{"embeddable":true,"href":"https:\/\/www.gruposamaritano.com.br\/ges\/wp-json\/wp\/v2\/users\/2"}],"replies":[{"embeddable":true,"href":"https:\/\/www.gruposamaritano.com.br\/ges\/wp-json\/wp\/v2\/comments?post=1749"}],"version-history":[{"count":0,"href":"https:\/\/www.gruposamaritano.com.br\/ges\/wp-json\/wp\/v2\/posts\/1749\/revisions"}],"wp:featuredmedia":[{"embeddable":true,"href":"https:\/\/www.gruposamaritano.com.br\/ges\/wp-json\/wp\/v2\/media\/1750"}],"wp:attachment":[{"href":"https:\/\/www.gruposamaritano.com.br\/ges\/wp-json\/wp\/v2\/media?parent=1749"}],"wp:term":[{"taxonomy":"category","embeddable":true,"href":"https:\/\/www.gruposamaritano.com.br\/ges\/wp-json\/wp\/v2\/categories?post=1749"},{"taxonomy":"post_tag","embeddable":true,"href":"https:\/\/www.gruposamaritano.com.br\/ges\/wp-json\/wp\/v2\/tags?post=1749"}],"curies":[{"name":"wp","href":"https:\/\/api.w.org\/{rel}","templated":true}]}}