{"id":1747,"date":"2017-03-30T12:51:15","date_gmt":"2017-03-30T15:51:15","guid":{"rendered":"https:\/\/www.gruposamaritano.com.br\/ges\/?p=1747"},"modified":"2017-03-30T12:51:16","modified_gmt":"2017-03-30T15:51:16","slug":"mae-3","status":"publish","type":"post","link":"https:\/\/www.gruposamaritano.com.br\/ges\/2017\/03\/mae-3\/","title":{"rendered":"M\u00e3e&#8230;"},"content":{"rendered":"<p>M\u00e3e, voc\u00ea \u00e9 a minha raiz mais forte, voc\u00ea \u00e9 o meu florescer.<\/p>\n<p>Acho incr\u00edvel pensar que depois de nascer eu fui embalada pelos seus bra\u00e7os amorosos, e que foi a sua m\u00e3o que segurou a minha quando tentei dar os meus primeiros passos.<\/p>\n<p><!--more--><\/p>\n<p>M\u00e3e, voc\u00ea \u00e9 a minha flor da vida, e \u00e9 de voc\u00ea que vem toda a for\u00e7a e beleza que h\u00e1 em mim.<\/p>\n<p>Se o amor de m\u00e3e \u00e9 um amor incondicional, o amor de um filho que tem uma m\u00e3e como voc\u00ea, tamb\u00e9m \u00e9. Voc\u00ea \u00e9 a minha raiz mais forte, voc\u00ea \u00e9 o meu florescer.<\/p>\n<p>Eu sei que j\u00e1 lhe pedi muitas coisas na vida, o seu tempo, seu amor, sua dedica\u00e7\u00e3o, sua orienta\u00e7\u00e3o e sua ajuda. Mas hoje eu quero apenas lhe agradecer por tudo que voc\u00ea \u00e9 para mim, e lhe desejar uma vida ainda mais plena e feliz, muita sa\u00fade e muitos anos de vida!<\/p>\n<p>Obrigado por tudo M\u00e3e, Eu te amo muito!<\/p>\n","protected":false},"excerpt":{"rendered":"<p>M\u00e3e, voc\u00ea \u00e9 a minha raiz mais forte, voc\u00ea \u00e9 o meu florescer. Acho incr\u00edvel pensar que depois de nascer eu fui embalada pelos seus bra\u00e7os amorosos, e que foi a sua m\u00e3o que segurou a minha quando tentei dar os meus primeiros passos.<\/p>\n","protected":false},"author":2,"featured_media":1293,"comment_status":"open","ping_status":"open","sticky":false,"template":"","format":"standard","meta":{"footnotes":""},"categories":[4],"tags":[],"class_list":["post-1747","post","type-post","status-publish","format-standard","has-post-thumbnail","hentry","category-reflexoes"],"_links":{"self":[{"href":"https:\/\/www.gruposamaritano.com.br\/ges\/wp-json\/wp\/v2\/posts\/1747","targetHints":{"allow":["GET"]}}],"collection":[{"href":"https:\/\/www.gruposamaritano.com.br\/ges\/wp-json\/wp\/v2\/posts"}],"about":[{"href":"https:\/\/www.gruposamaritano.com.br\/ges\/wp-json\/wp\/v2\/types\/post"}],"author":[{"embeddable":true,"href":"https:\/\/www.gruposamaritano.com.br\/ges\/wp-json\/wp\/v2\/users\/2"}],"replies":[{"embeddable":true,"href":"https:\/\/www.gruposamaritano.com.br\/ges\/wp-json\/wp\/v2\/comments?post=1747"}],"version-history":[{"count":0,"href":"https:\/\/www.gruposamaritano.com.br\/ges\/wp-json\/wp\/v2\/posts\/1747\/revisions"}],"wp:featuredmedia":[{"embeddable":true,"href":"https:\/\/www.gruposamaritano.com.br\/ges\/wp-json\/wp\/v2\/media\/1293"}],"wp:attachment":[{"href":"https:\/\/www.gruposamaritano.com.br\/ges\/wp-json\/wp\/v2\/media?parent=1747"}],"wp:term":[{"taxonomy":"category","embeddable":true,"href":"https:\/\/www.gruposamaritano.com.br\/ges\/wp-json\/wp\/v2\/categories?post=1747"},{"taxonomy":"post_tag","embeddable":true,"href":"https:\/\/www.gruposamaritano.com.br\/ges\/wp-json\/wp\/v2\/tags?post=1747"}],"curies":[{"name":"wp","href":"https:\/\/api.w.org\/{rel}","templated":true}]}}