{"id":1724,"date":"2017-03-16T16:03:01","date_gmt":"2017-03-16T19:03:01","guid":{"rendered":"https:\/\/www.gruposamaritano.com.br\/ges\/?p=1724"},"modified":"2017-03-16T16:03:01","modified_gmt":"2017-03-16T19:03:01","slug":"voce-tem-medo-do-umbral","status":"publish","type":"post","link":"https:\/\/www.gruposamaritano.com.br\/ges\/2017\/03\/voce-tem-medo-do-umbral\/","title":{"rendered":"Voc\u00ea tem medo do Umbral?"},"content":{"rendered":"<p>A doutrina esp\u00edrita afastou o temor humano da morte com a comprova\u00e7\u00e3o da imortalidade do Esp\u00edrito (quest\u00e3o 149 do Livro dos Esp\u00edritos). Afastado o receio da extin\u00e7\u00e3o da vida, a preocupa\u00e7\u00e3o seguinte foi com o destino da alma ap\u00f3s o seu desprendimento do corpo f\u00edsico. O espiritismo tamb\u00e9m elucidou a quest\u00e3o, afirmando que at\u00e9 que se alcance a condi\u00e7\u00e3o de Esp\u00edrito puro (quest\u00e3o 170 e 226 do Livro dos Esp\u00edritos) haver\u00e1 a necessidade das reencarna\u00e7\u00f5es, destinadas, portanto, ao aperfei\u00e7oamento do Esp\u00edrito (quest\u00f5es 166 e 167 do Livro dos Esp\u00edritos). No intervalo das encarna\u00e7\u00f5es fica o Esp\u00edrito na condi\u00e7\u00e3o de errante (quest\u00e3o 224 do Livro dos Esp\u00edritos), e \u00e9 na erraticidade onde este pode alcan\u00e7ar o Umbral, que passou a ocupar a condi\u00e7\u00e3o de maior preocupa\u00e7\u00e3o do ser humano no aspecto espiritual. No entanto, assim como se sucede com as demais quest\u00f5es da vida, \u00e9 o desconhecimento o principal respons\u00e1vel pelo sentimento de temor. Principalmente por esta raz\u00e3o cabem aqui algumas elucida\u00e7\u00f5es sobre o assunto.<\/p>\n<p><!--more--><\/p>\n<p>O Umbral, conforme nos informa o nosso irm\u00e3o Andr\u00e9 Luiz, circunda o planeta e inicia-se na pr\u00f3pria crosta terrestre, servindo de destino aos Esp\u00edritos que demoraram \u201cno vale da indecis\u00e3o ou no p\u00e2ntano dos erros numerosos \u201ddeixando de cumprir os deveres sagrados que haviam se comprometido anteriormente. Desta forma o Umbral se destina as \u201calmas irresolutas e ignorantes, que n\u00e3o s\u00e3o suficientemente perversas para serem enviadas a col\u00f4nias de repara\u00e7\u00e3o mais dolorosas, nem bastante nobres para serem conduzidas a planos de eleva\u00e7\u00e3o\u201d.<\/p>\n<p>Como \u201ca morte f\u00edsica n\u00e3o significa renova\u00e7\u00e3o para quem n\u00e3o procurou renovar-se \u201d faz-se necess\u00e1rio a exist\u00eancia de um local destinado, sobretudo, \u201cao esgotamento de res\u00edduos mentais \u201d inferiores, tais como \u00f3dio, rancor, raiva, inveja, ambi\u00e7\u00e3o, orgulho e demais sentimentos assemelhados. O Umbral \u00e9 \u201cuma esp\u00e9cie de zona purgatorial, onde se queima a presta\u00e7\u00f5es o material deteriorado das ilus\u00f5es que a criatura adquiriu\u201d.<\/p>\n<p>N\u00e3o h\u00e1 que se olvidar que o Umbral tamb\u00e9m fa\u00e7a parte da cria\u00e7\u00e3o Divina, n\u00e3o estando os Esp\u00edritos que por l\u00e1 transitam desamparados da prote\u00e7\u00e3o do Pai Celestial. Ao contr\u00e1rio da cren\u00e7a popular, n\u00e3o \u00e9 o Umbral um local destinado ao sofrimento, mas sim ao aperfei\u00e7oamento do Esp\u00edrito, que ter\u00e1 condi\u00e7\u00f5es de identificar \u201co que lhe falta para ser mais feliz e, desde ent\u00e3o, procura(r) os meios de alcan\u00e7\u00e1-lo\u201d.<\/p>\n<p>\u00c9 nobre portanto a finalidade do Umbral, j\u00e1 que destina-se a depura\u00e7\u00e3o do Esp\u00edrito. Jesus j\u00e1 afirmava que \u201cn\u00e3o s\u00e3o os que gozam sa\u00fade que precisam de m\u00e9dico\u201d. Tudo o que n\u00e3o serve para a vida superior torna o Esp\u00edrito doente, por isso, n\u00e3o \u00e9 de se admirar que \u201co p\u00e3o, t\u00e3o saboroso ao paladar saud\u00e1vel, seja enjoativo ao paladar enfermo, e que a luz, am\u00e1vel aos olhos l\u00edmpidos, seja odiosa aos olhos doentes\u201d. Alcan\u00e7ada a depura\u00e7\u00e3o necess\u00e1ria o Esp\u00edrito prossegue em sua jornada, n\u00e3o ficando no Umbral sequer um segundo a mais do que lhe \u00e9 preciso.<\/p>\n<p>Autor desconhecido<\/p>\n","protected":false},"excerpt":{"rendered":"<p>A doutrina esp\u00edrita afastou o temor humano da morte com a comprova\u00e7\u00e3o da imortalidade do Esp\u00edrito (quest\u00e3o 149 do Livro dos Esp\u00edritos). Afastado o receio da extin\u00e7\u00e3o da vida, a preocupa\u00e7\u00e3o seguinte foi com o destino da alma ap\u00f3s o seu desprendimento do corpo f\u00edsico. O espiritismo tamb\u00e9m elucidou a quest\u00e3o, afirmando [&hellip;]<\/p>\n","protected":false},"author":2,"featured_media":1036,"comment_status":"open","ping_status":"open","sticky":false,"template":"","format":"standard","meta":{"footnotes":""},"categories":[4],"tags":[],"class_list":["post-1724","post","type-post","status-publish","format-standard","has-post-thumbnail","hentry","category-reflexoes"],"_links":{"self":[{"href":"https:\/\/www.gruposamaritano.com.br\/ges\/wp-json\/wp\/v2\/posts\/1724","targetHints":{"allow":["GET"]}}],"collection":[{"href":"https:\/\/www.gruposamaritano.com.br\/ges\/wp-json\/wp\/v2\/posts"}],"about":[{"href":"https:\/\/www.gruposamaritano.com.br\/ges\/wp-json\/wp\/v2\/types\/post"}],"author":[{"embeddable":true,"href":"https:\/\/www.gruposamaritano.com.br\/ges\/wp-json\/wp\/v2\/users\/2"}],"replies":[{"embeddable":true,"href":"https:\/\/www.gruposamaritano.com.br\/ges\/wp-json\/wp\/v2\/comments?post=1724"}],"version-history":[{"count":0,"href":"https:\/\/www.gruposamaritano.com.br\/ges\/wp-json\/wp\/v2\/posts\/1724\/revisions"}],"wp:featuredmedia":[{"embeddable":true,"href":"https:\/\/www.gruposamaritano.com.br\/ges\/wp-json\/wp\/v2\/media\/1036"}],"wp:attachment":[{"href":"https:\/\/www.gruposamaritano.com.br\/ges\/wp-json\/wp\/v2\/media?parent=1724"}],"wp:term":[{"taxonomy":"category","embeddable":true,"href":"https:\/\/www.gruposamaritano.com.br\/ges\/wp-json\/wp\/v2\/categories?post=1724"},{"taxonomy":"post_tag","embeddable":true,"href":"https:\/\/www.gruposamaritano.com.br\/ges\/wp-json\/wp\/v2\/tags?post=1724"}],"curies":[{"name":"wp","href":"https:\/\/api.w.org\/{rel}","templated":true}]}}