{"id":1721,"date":"2017-03-15T10:27:24","date_gmt":"2017-03-15T13:27:24","guid":{"rendered":"https:\/\/www.gruposamaritano.com.br\/ges\/?p=1721"},"modified":"2017-03-15T10:27:24","modified_gmt":"2017-03-15T13:27:24","slug":"surpreendente-depoimento-espiritual-de-um-grupo-de-suicidas","status":"publish","type":"post","link":"https:\/\/www.gruposamaritano.com.br\/ges\/2017\/03\/surpreendente-depoimento-espiritual-de-um-grupo-de-suicidas\/","title":{"rendered":"Surpreendente DEPOIMENTO ESPIRITUAL de um GRUPO DE SUICIDAS!"},"content":{"rendered":"<p>N\u00f3s fomos muito infelizes em nossas escolhas e caminhos.<br \/>\nErramos feio! E pagamos o pre\u00e7o em culpa e afli\u00e7\u00e3o.<br \/>\nEntramos num calabou\u00e7o mental, feito por n\u00f3s mesmos.<br \/>\nE ali ficamos, remoendo muitas coisas, sem riso e sem alegria.<br \/>\nAh, n\u00f3s tentamos matar nossa pr\u00f3pria consci\u00eancia!<br \/>\nQuer\u00edamos fugir, mas nos acorrentamos a dramas maiores.<br \/>\n<!--more--><\/p>\n<p>Ficamos \u201csem eira nem beira\u201d, a merc\u00ea das correntes astrais.<br \/>\nChafurdamos no lodo de nossa nega\u00e7\u00e3o da vida&#8230; E so\u00e7obramos.<br \/>\nDestru\u00edmos o nosso corpo f\u00edsico e causamos dor \u00e0 nossa fam\u00edlia.<br \/>\nNo final, de que adiantou?&#8230; N\u00e3o matamos nossas consci\u00eancias!<br \/>\nE ainda acumulamos o peso da culpa, pois o suic\u00eddio \u00e9 uma grande mentira.<br \/>\nNossos corpos feneceram, mas continuamos vivos e pensantes.<br \/>\nN\u00f3s entramos numa furada, a maior de todas. E nos atolamos&#8230;<br \/>\nAt\u00e9 que fomos socorridos por abnegados benfeitores espirituais.<br \/>\nEles nos resgataram da dor e da culpa e nos fizeram ver a verdade.<br \/>\nCom carinho, eles nos banharam nas luzes curativas e nos esclareceram.<br \/>\nCom paci\u00eancia, eles n\u00e3o nos julgaram, s\u00f3 nos acolheram com todo Amor.<br \/>\nE nos fizeram valorizar o dom da vida e nos devolveram a capacidade de rir.<br \/>\nDiante deles, n\u00f3s choramos muito e expurgamos as nossas ilus\u00f5es.<br \/>\nEles nos devolveram a capacidade de sentir amor e ter esperan\u00e7a.<br \/>\nEles nos trataram com arte-terapia e nos fizeram gostar de m\u00fasica boa.<br \/>\nEles nos deram a vida de volta e a for\u00e7a para encarar os nossos desafios.<br \/>\nNos fizeram entender que felizes s\u00e3o aqueles que j\u00e1 venceram a si mesmos.<br \/>\nEles nos falaram de um Grande Amor que est\u00e1 em tudo! E que a tudo compreende&#8230;<br \/>\nE, pela intercess\u00e3o deles, vamos viver na Terra novamente, dessa vez, sem fuga.<\/p>\n<p>Ah, meus amigos aqui presentes, n\u00f3s \u00e9ramos transfugas e deixamos a desejar&#8230;<br \/>\nMais \u00e0 frente, teremos que enfrentar os problemas dos quais quisemos fugir.<br \/>\nN\u00e3o teremos facilidades, mas j\u00e1 sabemos do poder da Luz e do Amor.<br \/>\nConfiamos que Deus e os seus benfeitores nos ajudar\u00e3o nessa supera\u00e7\u00e3o vital.<br \/>\nVamos viver novamente! Vamos sonhar e brincar. E, dessa vez, vamos arrasar!<br \/>\nHoje, n\u00f3s queremos compartilhar essa alegria com voc\u00eas: voltamos a rir.<br \/>\nE dizemos a todos: \u201cvalorizem o dom da vida e n\u00e3o deem trelas ao que \u00e9 negativo.<\/p>\n<p>Em breve, n\u00f3s seremos os novos Jo\u00e3ozinhos e Marias por esse Brasil&#8230;<br \/>\nE, dessa vez, vamos vencer as provas do caminho.<br \/>\nQuem sabe, talvez at\u00e9 nos encontremos por a\u00ed&#8230;<br \/>\nPois essa \u00e9 a beleza da vida: o encontro entre os seres.<br \/>\nAh, acima de n\u00f3s brilha um Grande Amor&#8230;<br \/>\nN\u00f3s vamos descer por Ele, que nos compreende.<br \/>\nE agradecemos muito aos benfeitores espirituais que nos acolheram.<br \/>\nPela luz, pelo amor, pela m\u00fasica boa, pela arte que cura, pelo riso&#8230;<br \/>\nEnfim, pela presen\u00e7a de voc\u00eas, aqui e agora, nas Asas do Espiritualidade.<br \/>\nN\u00f3s agradecemos a todos voc\u00eas, pois, em nosso tratamento, s\u00f3 faltava isso:<br \/>\nDarmos o nosso depoimento, como forma de esclarecimento e alerta.<br \/>\nE, hoje, assim fazendo, cumprimos uma etapa e vamos em frente&#8230;<br \/>\n(N\u00e3o vivam s\u00f3 por viver. Vivam com admira\u00e7\u00e3o! E n\u00e3o deixem de rir).<\/p>\n<p>Autor desconhecido.<\/p>\n","protected":false},"excerpt":{"rendered":"<p>N\u00f3s fomos muito infelizes em nossas escolhas e caminhos. Erramos feio! E pagamos o pre\u00e7o em culpa e afli\u00e7\u00e3o. Entramos num calabou\u00e7o mental, feito por n\u00f3s mesmos. E ali ficamos, remoendo muitas coisas, sem riso e sem alegria. Ah, n\u00f3s tentamos matar nossa pr\u00f3pria consci\u00eancia! Quer\u00edamos fugir, mas nos acorrentamos a dramas [&hellip;]<\/p>\n","protected":false},"author":2,"featured_media":732,"comment_status":"open","ping_status":"open","sticky":false,"template":"","format":"standard","meta":{"footnotes":""},"categories":[4],"tags":[],"class_list":["post-1721","post","type-post","status-publish","format-standard","has-post-thumbnail","hentry","category-reflexoes"],"_links":{"self":[{"href":"https:\/\/www.gruposamaritano.com.br\/ges\/wp-json\/wp\/v2\/posts\/1721","targetHints":{"allow":["GET"]}}],"collection":[{"href":"https:\/\/www.gruposamaritano.com.br\/ges\/wp-json\/wp\/v2\/posts"}],"about":[{"href":"https:\/\/www.gruposamaritano.com.br\/ges\/wp-json\/wp\/v2\/types\/post"}],"author":[{"embeddable":true,"href":"https:\/\/www.gruposamaritano.com.br\/ges\/wp-json\/wp\/v2\/users\/2"}],"replies":[{"embeddable":true,"href":"https:\/\/www.gruposamaritano.com.br\/ges\/wp-json\/wp\/v2\/comments?post=1721"}],"version-history":[{"count":0,"href":"https:\/\/www.gruposamaritano.com.br\/ges\/wp-json\/wp\/v2\/posts\/1721\/revisions"}],"wp:featuredmedia":[{"embeddable":true,"href":"https:\/\/www.gruposamaritano.com.br\/ges\/wp-json\/wp\/v2\/media\/732"}],"wp:attachment":[{"href":"https:\/\/www.gruposamaritano.com.br\/ges\/wp-json\/wp\/v2\/media?parent=1721"}],"wp:term":[{"taxonomy":"category","embeddable":true,"href":"https:\/\/www.gruposamaritano.com.br\/ges\/wp-json\/wp\/v2\/categories?post=1721"},{"taxonomy":"post_tag","embeddable":true,"href":"https:\/\/www.gruposamaritano.com.br\/ges\/wp-json\/wp\/v2\/tags?post=1721"}],"curies":[{"name":"wp","href":"https:\/\/api.w.org\/{rel}","templated":true}]}}