{"id":1701,"date":"2017-03-08T16:33:38","date_gmt":"2017-03-08T19:33:38","guid":{"rendered":"https:\/\/www.gruposamaritano.com.br\/ges\/?p=1701"},"modified":"2017-03-08T16:33:38","modified_gmt":"2017-03-08T19:33:38","slug":"envelhecer","status":"publish","type":"post","link":"https:\/\/www.gruposamaritano.com.br\/ges\/2017\/03\/envelhecer\/","title":{"rendered":"Envelhecer&#8230;"},"content":{"rendered":"<p>Envelhecer \u00e9 um privil\u00e9gio, uma arte, um presente. Somar cabelos brancos, arrancar folhas no calend\u00e1rio e fazer anivers\u00e1rio deveria ser sempre um motivo de alegria. De alegria pela vida e pelo que estar aqui representa. Todas as nossas mudan\u00e7as f\u00edsicas s\u00e3o reflexo da vida, algo do que n\u00f3s podemos sentir muito orgulhosos.<\/p>\n<p><!--more--><\/p>\n<p>Temos que agradecer pela oportunidade de fazer anivers\u00e1rio, pois gra\u00e7as a ele, cada dia podemos compartilhar momentos com aquelas pessoas que mais gostamos, podemos desfrutar dos prazeres da vida, desenhar sorrisos e construir com nossa presen\u00e7a um mundo melhor\u2026<\/p>\n<p>As rugas nos fazem lembrar onde estiveram os sorrisos.<\/p>\n<p>As rugas s\u00e3o um sincero e bonito reflexo da idade, contada com os sorrisos dos nossos rostos. Mas quando come\u00e7am a aparecer, nos fazem perceber qu\u00e3o ef\u00eamera e fugaz \u00e9 a vida.<\/p>\n<p>Como consequ\u00eancia, frequentemente isso nos faz sentir desajustados e inc\u00f4modos quando, na verdade, deveria ser um motivo de alegria. Como \u00e9 poss\u00edvel que nos entriste\u00e7a ter a oportunidade de fazer anivers\u00e1rio?<\/p>\n<p>Porque temos medo de que, ao envelhecermos, percamos capacidades. Porque pensamos na velhice como um castigo, de maneira pejorativa e humilhante. Do mesmo modo, fazer anivers\u00e1rio nos faz olhar para tr\u00e1s e nos exp\u00f5e ao que fizemos durante nossa vida.<\/p>\n<p>Dizer obrigado por cada ano completo<\/p>\n<p>Dever\u00edamos agradecer \u00e0 vida pela oportunidade de permanecer e de ter a capacidade e a consci\u00eancia de desfrutar. Que sentido tem nos lamentarmos e nos queixarmos por termos possibilidades? N\u00e3o \u00e9 verdade que dar\u00edamos o que fosse para ter aqueles que perdemos do nosso lado? Por que n\u00e3o colocamos vontade na vida e deixamos de dissimular nosso caminhar?<\/p>\n<p>Fazer anivers\u00e1rio deveria ser um motivo de alegria. Cada dia conta com 1440 minutos de novas op\u00e7\u00f5es, de maravilhosos pensamentos, de centenas de matizes em nossos sentimentos. Cada segundo nos faz mais capazes de experimentar e de aproveitar todas as op\u00e7\u00f5es que surgem ao nosso redor.<\/p>\n<p>Cada ano \u00e9 uma medalha, uma oportunidade para acumular lembran\u00e7as, para fazer nossos os instantes, para soprar as velas com for\u00e7a e orgulho. Deseje continuar cumprindo sonhos, segundos, minutos, horas, dias, meses e anos\u2026 E, sobretudo, poder celebr\u00e1-los com a vida e com as pessoas que o rodeiam.<\/p>\n<p>Entre a inf\u00e2ncia e a velhice h\u00e1 um instante chamado vida<\/p>\n<p>N\u00e3o se lamente por envelhecer. A vida \u00e9 um presente que nem todos temos o privil\u00e9gio de desfrutar. \u00c9 um frasco de suspiros, de trope\u00e7os, de aprendizagens, de prazeres e de sofrimentos. Por isso, em si mesma, \u00e9 maravilhosa.<\/p>\n<p>E tamb\u00e9m por isso \u00e9 imprescind\u00edvel aproveitar cada momento, faz\u00ea-lo nosso, nos sentirmos afortunados. Acumular juventude \u00e9 uma arte que consiste em fazer com que seja mais importante a vida dos anos do que os anos de vida.<\/p>\n<p>N\u00e3o \u00e9 t\u00e3o importante se somamos cabelos brancos, rugas ou se nosso corpo nos pede tr\u00e9gua a cada manh\u00e3. O que verdadeiramente \u00e9 relevante \u00e9 crescer, porque no final das contas, fazer anivers\u00e1rio \u00e9 inevit\u00e1vel, mas envelhecer \u00e9 opcional.<\/p>\n<p>Fote: Texto extra\u00eddo de A Mente \u00e9 Maravilhosa<\/p>\n","protected":false},"excerpt":{"rendered":"<p>Envelhecer \u00e9 um privil\u00e9gio, uma arte, um presente. Somar cabelos brancos, arrancar folhas no calend\u00e1rio e fazer anivers\u00e1rio deveria ser sempre um motivo de alegria. De alegria pela vida e pelo que estar aqui representa. Todas as nossas mudan\u00e7as f\u00edsicas s\u00e3o reflexo da vida, algo do que n\u00f3s podemos sentir muito orgulhosos.<\/p>\n","protected":false},"author":2,"featured_media":1053,"comment_status":"open","ping_status":"open","sticky":false,"template":"","format":"standard","meta":{"footnotes":""},"categories":[4],"tags":[],"class_list":["post-1701","post","type-post","status-publish","format-standard","has-post-thumbnail","hentry","category-reflexoes"],"_links":{"self":[{"href":"https:\/\/www.gruposamaritano.com.br\/ges\/wp-json\/wp\/v2\/posts\/1701","targetHints":{"allow":["GET"]}}],"collection":[{"href":"https:\/\/www.gruposamaritano.com.br\/ges\/wp-json\/wp\/v2\/posts"}],"about":[{"href":"https:\/\/www.gruposamaritano.com.br\/ges\/wp-json\/wp\/v2\/types\/post"}],"author":[{"embeddable":true,"href":"https:\/\/www.gruposamaritano.com.br\/ges\/wp-json\/wp\/v2\/users\/2"}],"replies":[{"embeddable":true,"href":"https:\/\/www.gruposamaritano.com.br\/ges\/wp-json\/wp\/v2\/comments?post=1701"}],"version-history":[{"count":0,"href":"https:\/\/www.gruposamaritano.com.br\/ges\/wp-json\/wp\/v2\/posts\/1701\/revisions"}],"wp:featuredmedia":[{"embeddable":true,"href":"https:\/\/www.gruposamaritano.com.br\/ges\/wp-json\/wp\/v2\/media\/1053"}],"wp:attachment":[{"href":"https:\/\/www.gruposamaritano.com.br\/ges\/wp-json\/wp\/v2\/media?parent=1701"}],"wp:term":[{"taxonomy":"category","embeddable":true,"href":"https:\/\/www.gruposamaritano.com.br\/ges\/wp-json\/wp\/v2\/categories?post=1701"},{"taxonomy":"post_tag","embeddable":true,"href":"https:\/\/www.gruposamaritano.com.br\/ges\/wp-json\/wp\/v2\/tags?post=1701"}],"curies":[{"name":"wp","href":"https:\/\/api.w.org\/{rel}","templated":true}]}}