{"id":1684,"date":"2017-02-24T22:40:48","date_gmt":"2017-02-25T01:40:48","guid":{"rendered":"https:\/\/www.gruposamaritano.com.br\/ges\/?p=1684"},"modified":"2017-02-24T22:40:48","modified_gmt":"2017-02-25T01:40:48","slug":"lenda-das-lagrimas","status":"publish","type":"post","link":"https:\/\/www.gruposamaritano.com.br\/ges\/2017\/02\/lenda-das-lagrimas\/","title":{"rendered":"Lenda das l\u00e1grimas&#8230;"},"content":{"rendered":"<p>Lenda das l\u00e1grimas<\/p>\n<p>Contam as lendas que, quando o Criador concluiu a Sua obra, dividiu-a em departamentos e os confiou aos cuidados dos anjos.<\/p>\n<p>Ap\u00f3s algum tempo, o Todo Poderoso resolveu fazer uma avalia\u00e7\u00e3o da Sua Cria\u00e7\u00e3o e convocou os servidores para uma reuni\u00e3o.<\/p>\n<p>O primeiro a falar foi o Anjo das Luzes. Postou-se respeitosamente diante do Criador e lhe falou com entusiasmo:<\/p>\n<p>Senhor, todas as claridades que criastes para a Terra continuam refletindo as b\u00ean\u00e7\u00e3os da Vossa miseric\u00f3rdia.<\/p>\n<p><!--more--><\/p>\n<p>O sol ilumina os dias terrenos com os resplendores divinos, vitalizando todas as coisas da natureza e repartindo com elas o seu calor e a sua<br \/>\nenergia.<\/p>\n<p>Deus aben\u00e7oou o Anjo das Luzes, concedendo-lhe a faculdade de multiplic\u00e1-las na face do mundo.<\/p>\n<p>Depois foi a vez do Anjo da Terra e das \u00c1guas, que exclamou com alegria:<\/p>\n<p>Senhor, sobre o mundo que criastes, a Terra continua alimentando fartamente todas as criaturas. Todos os reinos da natureza retiram dela os tesouros sagrados da vida.<\/p>\n<p>E as \u00e1guas, que parecem constituir o sangue bendito da Vossa obra terrena, circulam no seio imenso, cantando as suas gl\u00f3rias.<\/p>\n<p>O Criador agradeceu as palavras do servidor fiel, aben\u00e7oando-lhe os trabalhos.<\/p>\n<p>Em seguida, falou radiante, o Anjo das \u00c1rvores e das Flores.<\/p>\n<p>Senhor, a miss\u00e3o que concedestes aos vegetais da Terra vem sendo cumprida com sublime dedica\u00e7\u00e3o.<\/p>\n<p>As \u00e1rvores oferecem sua sombra, seus frutos e utilidades a todas as criaturas, como bra\u00e7os misericordiosos do Vosso amor paternal, estendidos sobre o solo do planeta.<\/p>\n<p>Logo ap\u00f3s falou o Anjo dos Animais, apresentando a Deus seu relato sincero.<\/p>\n<p>Os animais terrestres, Senhor, sabem respeitar as Vossas leis, acatar a Vossa vontade.<\/p>\n<p>Todos t\u00eam a sua miss\u00e3o a cumprir, e alguns se colocam ao lado do homem, para ajud\u00e1-lo. As aves enfeitam os ares e alegram a todos com suas melodias admir\u00e1veis, louvando a sabedoria do seu Criador.<\/p>\n<p>Deus, jubiloso, aben\u00e7oou Seu mensageiro, derramando-lhe vibra\u00e7\u00f5es de agradecimento.<\/p>\n<p>Foi quando chegou a vez do Anjo dos Homens. Angustiado e cabisbaixo, provocando a admira\u00e7\u00e3o dos demais, exclamou com tristeza:<\/p>\n<p>Senhor, ai de mim! Enquanto meus companheiros falam da grandeza com que s\u00e3o executados Seus decretos na face da Terra, n\u00e3o posso afirmar o mesmo dos homens&#8230;<\/p>\n<p>Os seres humanos se perdem num labirinto formado por eles mesmos. Dentro do seu livre-arb\u00edtrio criam todos os motivos de infelicidade.<\/p>\n<p>Inventaram a chamada propriedade sobre os bens que lhes pertencem inteiramente, e d\u00e3o curso ao ego\u00edsmo e \u00e0 ambi\u00e7\u00e3o pelo dom\u00ednio e pela posse.<\/p>\n<p>Esqueceram-se totalmente do seu Criador e vivem se digladiando.<\/p>\n<p>Deus, percebendo que o Anjo n\u00e3o conseguia mais falar porque sua voz estava embargada pelas l\u00e1grimas, falou docemente:<\/p>\n<p>Essa situa\u00e7\u00e3o ser\u00e1 remediada. E, al\u00e7ando as m\u00e3os generosas, fez nascer, ali mesmo no c\u00e9u, um curso de \u00e1guas cristalinas e, enchendo um c\u00e2ntaro com essas p\u00e9rolas l\u00edquidas, entregou-o ao servidor, dizendo:<\/p>\n<p>Volta \u00e0 Terra e derrama no cora\u00e7\u00e3o de Meus filhos este l\u00edquido celeste, a que chamar\u00e1s \u00e1gua das l\u00e1grimas&#8230; Seu gosto \u00e9 amargo, mas tem a propriedade de fazer que os homens Me recordem, lembrando-se da Minha miseric\u00f3rdia paternal.<\/p>\n<p>Se eles sofrem e se desesperam pela posse ef\u00eamera das coisas da Terra, \u00e9 porque Me esqueceram, olvidando sua origem divina.<\/p>\n<p>E, desde esse dia, o Anjo dos Homens derrama na alma atormentada e aflita da Humanidade, a \u00e1gua bendita das l\u00e1grimas remissoras.<\/p>\n<p>* * *<\/p>\n<p>A lenda encerra uma grande verdade: cada criatura humana, no momento dos seus prantos e amarguras, recorda, instintivamente, a paternidade de Deus e as alvoradas divinas da vida espiritual.<\/p>\n<p>Reda\u00e7\u00e3o do Momento Esp\u00edrita<\/p>\n","protected":false},"excerpt":{"rendered":"<p>Lenda das l\u00e1grimas Contam as lendas que, quando o Criador concluiu a Sua obra, dividiu-a em departamentos e os confiou aos cuidados dos anjos. Ap\u00f3s algum tempo, o Todo Poderoso resolveu fazer uma avalia\u00e7\u00e3o da Sua Cria\u00e7\u00e3o e convocou os servidores para uma reuni\u00e3o. O primeiro a falar foi o Anjo das [&hellip;]<\/p>\n","protected":false},"author":2,"featured_media":1028,"comment_status":"open","ping_status":"open","sticky":false,"template":"","format":"standard","meta":{"footnotes":""},"categories":[4],"tags":[],"class_list":["post-1684","post","type-post","status-publish","format-standard","has-post-thumbnail","hentry","category-reflexoes"],"_links":{"self":[{"href":"https:\/\/www.gruposamaritano.com.br\/ges\/wp-json\/wp\/v2\/posts\/1684","targetHints":{"allow":["GET"]}}],"collection":[{"href":"https:\/\/www.gruposamaritano.com.br\/ges\/wp-json\/wp\/v2\/posts"}],"about":[{"href":"https:\/\/www.gruposamaritano.com.br\/ges\/wp-json\/wp\/v2\/types\/post"}],"author":[{"embeddable":true,"href":"https:\/\/www.gruposamaritano.com.br\/ges\/wp-json\/wp\/v2\/users\/2"}],"replies":[{"embeddable":true,"href":"https:\/\/www.gruposamaritano.com.br\/ges\/wp-json\/wp\/v2\/comments?post=1684"}],"version-history":[{"count":0,"href":"https:\/\/www.gruposamaritano.com.br\/ges\/wp-json\/wp\/v2\/posts\/1684\/revisions"}],"wp:featuredmedia":[{"embeddable":true,"href":"https:\/\/www.gruposamaritano.com.br\/ges\/wp-json\/wp\/v2\/media\/1028"}],"wp:attachment":[{"href":"https:\/\/www.gruposamaritano.com.br\/ges\/wp-json\/wp\/v2\/media?parent=1684"}],"wp:term":[{"taxonomy":"category","embeddable":true,"href":"https:\/\/www.gruposamaritano.com.br\/ges\/wp-json\/wp\/v2\/categories?post=1684"},{"taxonomy":"post_tag","embeddable":true,"href":"https:\/\/www.gruposamaritano.com.br\/ges\/wp-json\/wp\/v2\/tags?post=1684"}],"curies":[{"name":"wp","href":"https:\/\/api.w.org\/{rel}","templated":true}]}}