{"id":1680,"date":"2017-02-21T14:45:11","date_gmt":"2017-02-21T17:45:11","guid":{"rendered":"https:\/\/www.gruposamaritano.com.br\/ges\/?p=1680"},"modified":"2017-02-21T14:45:11","modified_gmt":"2017-02-21T17:45:11","slug":"os-sensitivos-sao-seres-humanos","status":"publish","type":"post","link":"https:\/\/www.gruposamaritano.com.br\/ges\/2017\/02\/os-sensitivos-sao-seres-humanos\/","title":{"rendered":"Os sensitivos s\u00e3o seres humanos&#8230;"},"content":{"rendered":"<p>Os sensitivos s\u00e3o seres humanos que possuem sensibilidade emocional aumentada.<\/p>\n<p>Esse conceito foi apontado pela psic\u00f3loga Dra. Elaine Aron em 1991, que apontou atrav\u00e9s de estudos que entre 15% e 20% da popula\u00e7\u00e3o mundial possui esse tipo de sensibilidade mais aflorada porque os seus c\u00e9rebros processam informa\u00e7\u00f5es sensoriais de forma diferente e por isso possuem habilidades e expressas de maneira mais intensas que os demais.<\/p>\n<p><!--more--><\/p>\n<p>Os sensitivos \u2013 tamb\u00e9m chamados de empatas \u2013 s\u00e3o portanto mais sens\u00edveis a emo\u00e7\u00f5es, comportamentos e energias de pessoas e lugares. A presen\u00e7a de algumas pessoas ou a entrada em lugares espec\u00edficos podem fazer com que um empata se sinta mal. Entenda mais sobre isso.<\/p>\n<p>A sensibilidade aflorada dos sensitivos e o que isso pode causar.<\/p>\n<p>Normalmente, quem \u00e9 considerado um sensitivo considera isso como uma qualidade, uma habilidade positiva.<\/p>\n<p>S\u00e3o normalmente excelentes ouvintes, pessoas caridosas com muita clareza de pensamento, conhecidos por darem bons conselhos.<br \/>\nLeia mais: 30 tra\u00e7os de uma pessoa SENSITIVA.<\/p>\n<p>Mas devido \u00e0 sua sensibilidade emocional aumentada eles s\u00e3o muito influenci\u00e1veis pelo ambiente ou por pessoas, s\u00e3o capazes de detectar energias carregadas que est\u00e3o impregnadas no lugar, detectam mais facilmente comportamentos falsos e n\u00e3o conseguem lidar com pessoas pretensiosas e\/ou mentirosas.<\/p>\n<p>Comportamentos e situa\u00e7\u00f5es em que um sensitivo se sente mal.<\/p>\n<p>Todo mundo pode ser capaz de identificar sinais de falsidade no discurso humano, os empatas possuem maior facilidade devido \u00e0 sua extrema sensibilidade.<\/p>\n<p>Lidar com algu\u00e9m hip\u00f3crita ou falso pode ser toler\u00e1vel para pessoas comuns, mesmo que eles saibam dessa caracter\u00edstica da pessoa, para os sensitivos, isso \u00e9 praticamente uma tortura, um desconforto intenso.<\/p>\n<p>Sentem-se cansados, sentem que sua energia foi drenada, sentem-se frustrados, muitas vezes ficam com as m\u00e3os \u00famidas, com o cora\u00e7\u00e3o disparado e o bocejo \u00e9 uma rea\u00e7\u00e3o muito frequente.<\/p>\n<p>Veja abaixo algumas situa\u00e7\u00f5es que fazem com que um sensitivo se sinta mal:<\/p>\n<p>&#8211; Falsos elogios \u2013 eles detectam logo a falsidade e mal conseguem disfar\u00e7ar a sua decep\u00e7\u00e3o<br \/>\n&#8211; Pessoas que aumentam suas vit\u00f3rias para ganhar aprova\u00e7\u00e3o e reconhecimentos dos outros<br \/>\n&#8211; Pessoas que renunciam \u00e0 sua personalidade ou tentam ser aquilo que n\u00e3o s\u00e3o para se sentirem por cima<br \/>\n&#8211; Falsas delicadezas com inten\u00e7\u00e3o de receber algo em troca<br \/>\n&#8211; Pessoas que estimulam a inveja e o ressentimento<br \/>\n&#8211; Quem age de forma dura e insens\u00edvel para ocultar dos outros a pr\u00f3pria dor ou sensibilidade<\/p>\n<p>Rea\u00e7\u00f5es comuns dos sensitivos nestas situa\u00e7\u00f5es<\/p>\n<p>Muitas vezes os sensitivos nem conseguem explicar o porqu\u00ea de estar se sentindo mal e o que est\u00e1 causando isso nele.<\/p>\n<p>Alguns deles conseguem identificar o foco, mas outros s\u00f3 conseguem pensar em se afastar do ambiente e das pessoas que ali est\u00e3o, e normalmente ouvem: \u201cO que aconteceu? O que ele(a) te fez de mal?\u201d sem saber explicar exatamente o porqu\u00ea. Ficam nervosos, tensos e t\u00eam dificuldades de formar frases com clareza, o que em situa\u00e7\u00f5es normais eles t\u00eam muita facilidade.<\/p>\n<p>Se o sensitivo precisa estar em um ambiente ou perto de algu\u00e9m que lhe faz mal, ao se afastar ele se sente enjoado, tonto, podendo inclusive ter \u00e2nsia de v\u00f4mito. Ficam muito calados, sem querer continuar a conversa e muitas vezes, ao se afastar da pessoa ou do ambiente sentem um inexplic\u00e1vel sentimento de culpa.<\/p>\n<p>(Fonte: wemystic.com.br)<\/p>\n","protected":false},"excerpt":{"rendered":"<p>Os sensitivos s\u00e3o seres humanos que possuem sensibilidade emocional aumentada. Esse conceito foi apontado pela psic\u00f3loga Dra. Elaine Aron em 1991, que apontou atrav\u00e9s de estudos que entre 15% e 20% da popula\u00e7\u00e3o mundial possui esse tipo de sensibilidade mais aflorada porque os seus c\u00e9rebros processam informa\u00e7\u00f5es sensoriais de forma diferente e [&hellip;]<\/p>\n","protected":false},"author":2,"featured_media":1681,"comment_status":"open","ping_status":"open","sticky":false,"template":"","format":"standard","meta":{"footnotes":""},"categories":[4],"tags":[],"class_list":["post-1680","post","type-post","status-publish","format-standard","has-post-thumbnail","hentry","category-reflexoes"],"_links":{"self":[{"href":"https:\/\/www.gruposamaritano.com.br\/ges\/wp-json\/wp\/v2\/posts\/1680","targetHints":{"allow":["GET"]}}],"collection":[{"href":"https:\/\/www.gruposamaritano.com.br\/ges\/wp-json\/wp\/v2\/posts"}],"about":[{"href":"https:\/\/www.gruposamaritano.com.br\/ges\/wp-json\/wp\/v2\/types\/post"}],"author":[{"embeddable":true,"href":"https:\/\/www.gruposamaritano.com.br\/ges\/wp-json\/wp\/v2\/users\/2"}],"replies":[{"embeddable":true,"href":"https:\/\/www.gruposamaritano.com.br\/ges\/wp-json\/wp\/v2\/comments?post=1680"}],"version-history":[{"count":0,"href":"https:\/\/www.gruposamaritano.com.br\/ges\/wp-json\/wp\/v2\/posts\/1680\/revisions"}],"wp:featuredmedia":[{"embeddable":true,"href":"https:\/\/www.gruposamaritano.com.br\/ges\/wp-json\/wp\/v2\/media\/1681"}],"wp:attachment":[{"href":"https:\/\/www.gruposamaritano.com.br\/ges\/wp-json\/wp\/v2\/media?parent=1680"}],"wp:term":[{"taxonomy":"category","embeddable":true,"href":"https:\/\/www.gruposamaritano.com.br\/ges\/wp-json\/wp\/v2\/categories?post=1680"},{"taxonomy":"post_tag","embeddable":true,"href":"https:\/\/www.gruposamaritano.com.br\/ges\/wp-json\/wp\/v2\/tags?post=1680"}],"curies":[{"name":"wp","href":"https:\/\/api.w.org\/{rel}","templated":true}]}}