{"id":1672,"date":"2017-02-15T13:57:32","date_gmt":"2017-02-15T16:57:32","guid":{"rendered":"https:\/\/www.gruposamaritano.com.br\/ges\/?p=1672"},"modified":"2017-02-15T13:57:32","modified_gmt":"2017-02-15T16:57:32","slug":"tempo","status":"publish","type":"post","link":"https:\/\/www.gruposamaritano.com.br\/ges\/2017\/02\/tempo\/","title":{"rendered":"Tempo&#8230;"},"content":{"rendered":"<p>Ol\u00e1,<br \/>\nMeu nome \u00e9  Felicidade. Sou casada com o Tempo. Ele \u00e9 respons\u00e1vel pela resolu\u00e7\u00e3o de todos os problemas, ele constr\u00f3i cora\u00e7\u00f5es, ele cura machucados, ele vence a tristeza\u2026 Juntos, eu e o Tempo tivemos tr\u00eas filhos: a Amizade, a Sabedoria, e o Amor.<br \/>\nAmizade \u00e9 a filha mais velha. Uma menina linda, sincera, alegre. A Amizade brilha como o sol. A Amizade une pessoas, pretendendo nunca ferir, sempre consolar.<br \/>\n<!--more--><\/p>\n<p>A do meio \u00e9 a Sabedoria.  Culta, \u00edntegra, sempre foi mais apegada ao pai, o Tempo. A Sabedoria e o Tempo andam sempre juntos!<br \/>\nO ca\u00e7ula \u00e9 o Amor. Ah! Como esse me d\u00e1 trabalho! \u00c9 teimoso, \u00e0s vezes s\u00f3 quer morar em um lugar\u2026 Eu vivo dizendo: Amor, voc\u00ea foi feito para morar nos cora\u00e7\u00f5es, n\u00e3o em apenas um s\u00f3. O Amor \u00e9 complexo, mas \u00e9 lindo, muito lindo.<br \/>\nQuando ele come\u00e7a a fazer estragos eu chamo logo o pai dele, o Tempo, e a\u00ed o Tempo vem fechando todas as feridas que o Amor abriu!<br \/>\nE tudo no final sempre d\u00e1 certo, se ainda n\u00e3o deu, \u00e9 porque n\u00e3o chegou o final.<br \/>\nPor isso, acredite sempre na fam\u00edlia. Acredite no Tempo, na Amizade, na Sabedoria e no Amor. A\u00ed, quem sabe, eu, Felicidade, n\u00e3o bato \u00e0 sua porta.<\/p>\n<p>Palavra de hoje:<br \/>\nTempo<\/p>\n<p>Tudo no Tempo de Deus e n\u00e3o no nosso!!!<\/p>\n","protected":false},"excerpt":{"rendered":"<p>Ol\u00e1, Meu nome \u00e9 Felicidade. Sou casada com o Tempo. Ele \u00e9 respons\u00e1vel pela resolu\u00e7\u00e3o de todos os problemas, ele constr\u00f3i cora\u00e7\u00f5es, ele cura machucados, ele vence a tristeza\u2026 Juntos, eu e o Tempo tivemos tr\u00eas filhos: a Amizade, a Sabedoria, e o Amor. Amizade \u00e9 a filha mais velha. Uma menina [&hellip;]<\/p>\n","protected":false},"author":2,"featured_media":1673,"comment_status":"open","ping_status":"open","sticky":false,"template":"","format":"standard","meta":{"footnotes":""},"categories":[4],"tags":[],"class_list":["post-1672","post","type-post","status-publish","format-standard","has-post-thumbnail","hentry","category-reflexoes"],"_links":{"self":[{"href":"https:\/\/www.gruposamaritano.com.br\/ges\/wp-json\/wp\/v2\/posts\/1672","targetHints":{"allow":["GET"]}}],"collection":[{"href":"https:\/\/www.gruposamaritano.com.br\/ges\/wp-json\/wp\/v2\/posts"}],"about":[{"href":"https:\/\/www.gruposamaritano.com.br\/ges\/wp-json\/wp\/v2\/types\/post"}],"author":[{"embeddable":true,"href":"https:\/\/www.gruposamaritano.com.br\/ges\/wp-json\/wp\/v2\/users\/2"}],"replies":[{"embeddable":true,"href":"https:\/\/www.gruposamaritano.com.br\/ges\/wp-json\/wp\/v2\/comments?post=1672"}],"version-history":[{"count":0,"href":"https:\/\/www.gruposamaritano.com.br\/ges\/wp-json\/wp\/v2\/posts\/1672\/revisions"}],"wp:featuredmedia":[{"embeddable":true,"href":"https:\/\/www.gruposamaritano.com.br\/ges\/wp-json\/wp\/v2\/media\/1673"}],"wp:attachment":[{"href":"https:\/\/www.gruposamaritano.com.br\/ges\/wp-json\/wp\/v2\/media?parent=1672"}],"wp:term":[{"taxonomy":"category","embeddable":true,"href":"https:\/\/www.gruposamaritano.com.br\/ges\/wp-json\/wp\/v2\/categories?post=1672"},{"taxonomy":"post_tag","embeddable":true,"href":"https:\/\/www.gruposamaritano.com.br\/ges\/wp-json\/wp\/v2\/tags?post=1672"}],"curies":[{"name":"wp","href":"https:\/\/api.w.org\/{rel}","templated":true}]}}