{"id":1669,"date":"2017-02-14T09:56:17","date_gmt":"2017-02-14T12:56:17","guid":{"rendered":"https:\/\/www.gruposamaritano.com.br\/ges\/?p=1669"},"modified":"2017-02-14T09:56:17","modified_gmt":"2017-02-14T12:56:17","slug":"sempre-que-um-novo-dia-amanhece","status":"publish","type":"post","link":"https:\/\/www.gruposamaritano.com.br\/ges\/2017\/02\/sempre-que-um-novo-dia-amanhece\/","title":{"rendered":"Sempre que um novo dia amanhece&#8230;"},"content":{"rendered":"<p>Sempre que um novo dia amanhece e os nossos sentidos buscam captar as belezas que nos cercam, temos vontade de abrir as janelas da alma e inspirar com for\u00e7a a brisa fresca que brinca com a folhagem verde.<\/p>\n<p>Sempre que um novo ano se apresenta fazemos planos para novas realiza\u00e7\u00f5es.<\/p>\n<p><!--more--><\/p>\n<p>No entanto, muitos n\u00e3o abriram os olhos f\u00edsicos para saudar o ano que se inicia ou termina, nem para contemplar o alvorecer do dia de hoje ou despedir-se do sol, quando o crep\u00fasculo enfeita a noite com seu manto negro bordado de estrelas&#8230;<\/p>\n<p>Mas voc\u00ea est\u00e1 vivo!<\/p>\n<p>E quando muitos n\u00e3o percebem sequer os canteiros floridos onde as borboletas bailam e o gramado se espregui\u00e7a, estendido como um tapete verde e macio, convidando a brincar&#8230;<\/p>\n<p>E enquanto outros saem apressados para suas atividades do dia, sem se dar conta de que hoje \u00e9 o nosso melhor momento, um poeta se deteve para escrever este belo conselho em forma de poema:<\/p>\n<p>Apaixone-se pelo mist\u00e9rio que nos cerca, pelo ar que voc\u00ea respira, pelas \u00e1rvores e pelas estrelas.<\/p>\n<p>Olhe com aten\u00e7\u00e3o para as flores. A vis\u00e3o \u00e9 antes uma a\u00e7\u00e3o do c\u00e9rebro que dos olhos.<\/p>\n<p>Ou\u00e7a o vento nas folhas, o canto dos p\u00e1ssaros e o tagarelar das crian\u00e7as.<\/p>\n<p>O ouvir \u00e9 uma arte que depende mais da mente que do ouvido. Olhos e ouvidos s\u00e3o canais fant\u00e1sticos que levam mensagens at\u00e9 voc\u00ea; eles ser\u00e3o in\u00fateis se, em sua alma, n\u00e3o habitar a vontade de ver e de ouvir.<\/p>\n<p>Apaixone-se por sua capacidade de se autotransformar para melhor. Voc\u00ea \u00e9 um pouco deus na exata medida em que pode, por sua pr\u00f3pria vontade e determina\u00e7\u00e3o, construir uma pessoa melhor.<\/p>\n<p>O caminho da perfei\u00e7\u00e3o \u00e9 infinito, mas cada passo nesta estrada \u00e9 fonte cristalina de pura felicidade.<\/p>\n<p>Ningu\u00e9m \u00e9 t\u00e3o miser\u00e1vel que n\u00e3o possa dar um primeiro passo na dire\u00e7\u00e3o certa, assim como ningu\u00e9m \u00e9 t\u00e3o perfeito que j\u00e1 n\u00e3o precise caminhar.<\/p>\n<p>Apaixone-se pelo saber, devore livros, raciocine, converse com pessoas inteligentes, ou\u00e7a boas m\u00fasicas, olhe com aten\u00e7\u00e3o para as obras de arte.<\/p>\n<p>Os artistas, os fil\u00f3sofos, os poetas, os cientistas veem, ouvem e sentem mais que a maioria dos homens, e \u00e9 mister aprender com eles.<\/p>\n<p>Pergunte, discuta, descubra, polemize, investigue, fa\u00e7a experi\u00eancias.<\/p>\n<p>D\u00ea o melhor de seu esfor\u00e7o em tudo o que faz. Ajude seu pr\u00f3ximo e sua comunidade e descobrir\u00e1 o verdadeiro significado das palavras \u201c\u00e9 dando que se recebe\u201d.<\/p>\n<p>Receber\u00e1 em moeda divina, receber\u00e1 em dignidade, sensibilidade, grandeza de Esp\u00edrito e amor-pr\u00f3prio.<\/p>\n<p>Trabalhe com o c\u00e9rebro e com as m\u00e3os. Transforme o mundo em um lugar melhor para se viver.<\/p>\n<p>N\u00e3o polua, proteja a natureza, conserte sua cal\u00e7ada, plante flores em sua casa e em sua rua.<\/p>\n<p>Lembre-se sempre de que cada atitude sua, cada movimento seu, ser\u00e1 sempre na dire\u00e7\u00e3o do bem ou do mal. Seu, de seus semelhantes ou de seu mundo.<\/p>\n<p>Apaixone-se pelo progresso, por sua capacidade de se transformar e de transformar o mundo.<\/p>\n<p>Apaixone-se por uma pessoa que ainda vai nascer.<\/p>\n<p>Uma pessoa capaz de fazer perguntas, como Arist\u00f3teles ou Plat\u00e3o, capaz de ouvir, como Vivaldi ou Verdi, capaz de ver a natureza, como Van Gogh ou Renoir e tantos outros, capaz de usar as m\u00e3os com a habilidade de um Rodin ou de um Michelangelo.<\/p>\n<p>Apaixone-se pela tarefa de ser parteiro de si mesmo, pela miss\u00e3o de dar-se \u00e0 luz por vontade pr\u00f3pria.<\/p>\n<p>Apaixone-se por voc\u00ea amanh\u00e3.<\/p>\n<p>Mas fa\u00e7a isso, enquanto \u00e9 hoje&#8230;<\/p>\n<p>Reda\u00e7\u00e3o do Momento Esp\u00edrita<\/p>\n","protected":false},"excerpt":{"rendered":"<p>Sempre que um novo dia amanhece e os nossos sentidos buscam captar as belezas que nos cercam, temos vontade de abrir as janelas da alma e inspirar com for\u00e7a a brisa fresca que brinca com a folhagem verde. Sempre que um novo ano se apresenta fazemos planos para novas realiza\u00e7\u00f5es.<\/p>\n","protected":false},"author":2,"featured_media":789,"comment_status":"open","ping_status":"open","sticky":false,"template":"","format":"standard","meta":{"footnotes":""},"categories":[4],"tags":[],"class_list":["post-1669","post","type-post","status-publish","format-standard","has-post-thumbnail","hentry","category-reflexoes"],"_links":{"self":[{"href":"https:\/\/www.gruposamaritano.com.br\/ges\/wp-json\/wp\/v2\/posts\/1669","targetHints":{"allow":["GET"]}}],"collection":[{"href":"https:\/\/www.gruposamaritano.com.br\/ges\/wp-json\/wp\/v2\/posts"}],"about":[{"href":"https:\/\/www.gruposamaritano.com.br\/ges\/wp-json\/wp\/v2\/types\/post"}],"author":[{"embeddable":true,"href":"https:\/\/www.gruposamaritano.com.br\/ges\/wp-json\/wp\/v2\/users\/2"}],"replies":[{"embeddable":true,"href":"https:\/\/www.gruposamaritano.com.br\/ges\/wp-json\/wp\/v2\/comments?post=1669"}],"version-history":[{"count":0,"href":"https:\/\/www.gruposamaritano.com.br\/ges\/wp-json\/wp\/v2\/posts\/1669\/revisions"}],"wp:featuredmedia":[{"embeddable":true,"href":"https:\/\/www.gruposamaritano.com.br\/ges\/wp-json\/wp\/v2\/media\/789"}],"wp:attachment":[{"href":"https:\/\/www.gruposamaritano.com.br\/ges\/wp-json\/wp\/v2\/media?parent=1669"}],"wp:term":[{"taxonomy":"category","embeddable":true,"href":"https:\/\/www.gruposamaritano.com.br\/ges\/wp-json\/wp\/v2\/categories?post=1669"},{"taxonomy":"post_tag","embeddable":true,"href":"https:\/\/www.gruposamaritano.com.br\/ges\/wp-json\/wp\/v2\/tags?post=1669"}],"curies":[{"name":"wp","href":"https:\/\/api.w.org\/{rel}","templated":true}]}}