{"id":1667,"date":"2017-02-13T14:21:57","date_gmt":"2017-02-13T17:21:57","guid":{"rendered":"https:\/\/www.gruposamaritano.com.br\/ges\/?p=1667"},"modified":"2017-02-13T14:21:57","modified_gmt":"2017-02-13T17:21:57","slug":"utilize-as-horas-com-moderacao-2","status":"publish","type":"post","link":"https:\/\/www.gruposamaritano.com.br\/ges\/2017\/02\/utilize-as-horas-com-moderacao-2\/","title":{"rendered":"Utilize as horas com modera\u00e7\u00e3o&#8230;"},"content":{"rendered":"<p>Utilize as horas com modera\u00e7\u00e3o, realizando cada tarefa por sua vez, sem interrup\u00e7\u00e3o Trabalho continuado-rendimento virtuoso<\/p>\n<p>Modifique sem mais tardan\u00e7a o conceito negativo a respeito de quem voc\u00ea conheceu num momento infeliz.<br \/>\nA opini\u00e3o m\u00e1 que se renova n\u00e3o contribui para a sementeira da fraternidade.<\/p>\n<p><!--more--><\/p>\n<p>Antes que os labores diurnos o surpreendam, realize no leito a comunh\u00e3o com o Senhor, atrav\u00e9s da medita\u00e7\u00e3o.<br \/>\nO homem mant\u00e9m a comunica\u00e7\u00e3o com o Pai celeste pelos invis\u00edveis fios do pensamento.<\/p>\n<p>Resguarda-te da enfermidade cultivando a higiene mental Mente asseada, corpo equilibrado<\/p>\n<p>Recolha em cada dificuldade a mensagem oculta de advert\u00eancia para a vida Obst\u00e1culo vencido, aprendizagem inesquec\u00edvel<\/p>\n<p>Acomode-se ao temperamento alheio, vencendo as imposi\u00e7\u00f5es de instinto, quando a servi\u00e7o do aux\u00edlio.<br \/>\nQuem relaciona dificuldades, n\u00e3o disp\u00f5e de tempo para ajudar<\/p>\n<p>Receba o intruj\u00e3o com delicadeza, expondo-lhe a verdade sem arrog\u00e2ncia deliberada Todo usurpador se transforma em algoz de si mesmo<\/p>\n<p>Precavenha-se da agress\u00e3o do \u00f3dio pelo exerc\u00edcio do amor A const\u00e2ncia no bem imuniza o homem contra o cont\u00e1gio das mis\u00e9rias morais<\/p>\n<p>Aceite o sofrimento como fen\u00f4meno natural da experi\u00eancia evolutiva A infibratura moral, consolida-se no fragor das batalhas di\u00e1ria.<\/p>\n<p>Repare a terra submissa e boa,sulcada pelo arado para a d\u00e1diva do p\u00e3o.<br \/>\nAprenda com ela a li\u00e7\u00e3o de humildade e deixe que o agricultor compassivo transforme sua vida num semin\u00e1rio de amor para o bem de todos.<\/p>\n<p>Harmoniza-te com a vida, adquirindo o tesouro valioso da paci\u00eancia e use-a como instrumento de luta.<br \/>\nNas competi\u00e7\u00f5es destrutivas, aguarda a tua vez.<br \/>\nNas lutas de predom\u00ednios, espera o teu lugar.<br \/>\nNos choques da ambi\u00e7\u00e3o, permanece em paz.<br \/>\nN\u00e3o te desequilibre quando os m\u00faltiplos convites ao desespero estiverem assolando as tuas resist\u00eancias.<br \/>\nCada experi\u00eancia te brindara maior capacidades para outros cometimentos, preparando os seus sentimentos para vit\u00f3rias mais amplas.<br \/>\nAssim fica alerta e paciente,conhecendo a lei de justi\u00e7a, compreendendo que tudo acontece para a necessidade da sua evolu\u00e7\u00e3o, n\u00e3o fique aflito, nem te apresses, sem tardan\u00e7a, por\u00e9m com paci\u00eancia tenha atitudes dignas, sempre aguardando o correto resultado das tuas realiza\u00e7\u00f5es.<\/p>\n<p>Com paci\u00eancia conquistaras tudo, conquistaras a si mesmo para o bem e para a paz.<\/p>\n<p>Divaldo Franco<\/p>\n","protected":false},"excerpt":{"rendered":"<p>Utilize as horas com modera\u00e7\u00e3o, realizando cada tarefa por sua vez, sem interrup\u00e7\u00e3o Trabalho continuado-rendimento virtuoso Modifique sem mais tardan\u00e7a o conceito negativo a respeito de quem voc\u00ea conheceu num momento infeliz. A opini\u00e3o m\u00e1 que se renova n\u00e3o contribui para a sementeira da fraternidade.<\/p>\n","protected":false},"author":2,"featured_media":783,"comment_status":"open","ping_status":"open","sticky":false,"template":"","format":"standard","meta":{"footnotes":""},"categories":[4],"tags":[],"class_list":["post-1667","post","type-post","status-publish","format-standard","has-post-thumbnail","hentry","category-reflexoes"],"_links":{"self":[{"href":"https:\/\/www.gruposamaritano.com.br\/ges\/wp-json\/wp\/v2\/posts\/1667","targetHints":{"allow":["GET"]}}],"collection":[{"href":"https:\/\/www.gruposamaritano.com.br\/ges\/wp-json\/wp\/v2\/posts"}],"about":[{"href":"https:\/\/www.gruposamaritano.com.br\/ges\/wp-json\/wp\/v2\/types\/post"}],"author":[{"embeddable":true,"href":"https:\/\/www.gruposamaritano.com.br\/ges\/wp-json\/wp\/v2\/users\/2"}],"replies":[{"embeddable":true,"href":"https:\/\/www.gruposamaritano.com.br\/ges\/wp-json\/wp\/v2\/comments?post=1667"}],"version-history":[{"count":0,"href":"https:\/\/www.gruposamaritano.com.br\/ges\/wp-json\/wp\/v2\/posts\/1667\/revisions"}],"wp:featuredmedia":[{"embeddable":true,"href":"https:\/\/www.gruposamaritano.com.br\/ges\/wp-json\/wp\/v2\/media\/783"}],"wp:attachment":[{"href":"https:\/\/www.gruposamaritano.com.br\/ges\/wp-json\/wp\/v2\/media?parent=1667"}],"wp:term":[{"taxonomy":"category","embeddable":true,"href":"https:\/\/www.gruposamaritano.com.br\/ges\/wp-json\/wp\/v2\/categories?post=1667"},{"taxonomy":"post_tag","embeddable":true,"href":"https:\/\/www.gruposamaritano.com.br\/ges\/wp-json\/wp\/v2\/tags?post=1667"}],"curies":[{"name":"wp","href":"https:\/\/api.w.org\/{rel}","templated":true}]}}