{"id":1647,"date":"2017-02-02T13:23:32","date_gmt":"2017-02-02T16:23:32","guid":{"rendered":"https:\/\/www.gruposamaritano.com.br\/ges\/?p=1647"},"modified":"2017-02-02T13:23:32","modified_gmt":"2017-02-02T16:23:32","slug":"e-se-a-vida-fosse-uma-estrada","status":"publish","type":"post","link":"https:\/\/www.gruposamaritano.com.br\/ges\/2017\/02\/e-se-a-vida-fosse-uma-estrada\/","title":{"rendered":"E se a vida fosse uma estrada&#8230;"},"content":{"rendered":"<p>E se a vida fosse uma estrada<\/p>\n<p>Cada um de n\u00f3s caminha pela vida como se fosse um viajante que percorre uma estrada.<\/p>\n<p>H\u00e1 os que passam pouco tempo caminhando e os que ficam por longos anos.<\/p>\n<p>H\u00e1 os que veem margens floridas e os que somente enxergam paisagens desertas.<\/p>\n<p><!--more--><\/p>\n<p>H\u00e1 os que pisam em macia grama e os que ferem os p\u00e9s em pedras pontudas e espinhos.<\/p>\n<p>H\u00e1 os que viajam em companhias amigas, assinaladas por risos e alegria. E h\u00e1 os que caminham com gente indiferente, ego\u00edsta e m\u00e1.<\/p>\n<p>H\u00e1 os que caminham sozinhos \u2013 inclusive crian\u00e7as &#8211; e os que v\u00e3o em grandes grupos.<\/p>\n<p>H\u00e1 os que viajam com pai e m\u00e3e. E os que est\u00e3o apenas com os irm\u00e3os. H\u00e1 quem tenha por companhia marido ou esposa.<\/p>\n<p>Muitos levam filhos. Outros carregam sobrinhos, primos, tios. Alguns andam apenas com os amigos.<\/p>\n<p>H\u00e1 quem caminhe com os olhos cheios de l\u00e1grimas e h\u00e1 os que se v\u00e3o sorridentes.<\/p>\n<p>Mas, mesmo os que riem, mais adiante poder\u00e3o chorar. Nessa estrada, nunca se conheceu algu\u00e9m que a percorresse inteira sem derramar uma l\u00e1grima.<\/p>\n<p>Pela estrada dessa nossa vida, muitos caminham com seus pr\u00f3prios p\u00e9s. Outros s\u00e3o carregados por empregados ou parentes.<\/p>\n<p>Alguns v\u00e3o em carros de luxo, outros em ve\u00edculos bem simples. E h\u00e1 os que viajam de bicicleta ou a p\u00e9.<\/p>\n<p>H\u00e1 gente branca, negra, amarela. Mas se olharmos a estrada bem do alto, veremos que n\u00e3o d\u00e1 para distinguir ningu\u00e9m: todos s\u00e3o iguais.<\/p>\n<p>H\u00e1 gente magra e gente gorda. Os magros podem ser assim por eleg\u00e2ncia e dieta ou porque n\u00e3o t\u00eam o que comer.<\/p>\n<p>Alguns trazem bolsas cheias de comida. Outros levam pedacinhos de p\u00e3o amanhecido.<\/p>\n<p>Muitos gostam de repartir o que t\u00eam. Outros d\u00e3o apenas o que lhes sobra. Mas muita gente da estrada nem olha para os viajantes famintos.<\/p>\n<p>H\u00e1 pessoas que percorrem a estrada sempre vestidas de seda e cobertas de joias. Outros vestem farrapos e seguem descal\u00e7os.<\/p>\n<p>H\u00e1 crian\u00e7as, velhos, jovens e casais, mas quase todos olham para lugares diferentes.<\/p>\n<p>Uns olham para o pr\u00f3prio umbigo, outros contemplam as estrelas, alguns gostam de espiar os vizinhos para fofocar depois.<\/p>\n<p>Uma boa parte conta o dinheiro que leva e h\u00e1 os que sonham que um dia todos da estrada ser\u00e3o como irm\u00e3os.<\/p>\n<p>Entre os sonhadores h\u00e1 os que se dedicam a dar \u00e1gua e p\u00e3o, abrigo e rem\u00e9dio aos viajantes que precisam.<\/p>\n<p>H\u00e1 pessoas cultas na estrada e h\u00e1 gente muito tola. Alguns sabem dizer coisas dif\u00edceis e outros nem sabem falar direito.<\/p>\n<p>Em geral, os sabich\u00f5es n\u00e3o gostam muito da companhia dos analfabetos.<\/p>\n<p>O que \u00e9 certo mesmo \u00e9 que quase ningu\u00e9m na estrada est\u00e1 satisfeito. A maioria dos viajantes acha que o vizinho \u00e9 mais bonito ou viaja de forma bem mais confort\u00e1vel.<\/p>\n<p>\u00c9 que na longa estrada da vida, esquecemos que a estrada ter\u00e1 fim.<\/p>\n<p>E, quando ela acabar, o que teremos?<\/p>\n<p>Carregaremos, sim, a experi\u00eancia aprendida durante o tempo de estrada e estaremos muito mais s\u00e1bios, porque todas as outras pessoas que vimos no caminho nos ensinaram algo.<\/p>\n<p>A estrada de nossa exist\u00eancia pode ser bela, simples, rica, tortuosa. Seja como for, ela \u00e9 o melhor caminho para o nosso aprendizado.<\/p>\n<p>Deus nos ofereceu essa estrada porque nela se encontram as pessoas e situa\u00e7\u00f5es mais adequadas para n\u00f3s.<\/p>\n<p>Assim, siga pela estrada ensolarada. Procure ver mais flores. Valorize os companheiros de jornada, reparta as provis\u00f5es com quem tem fome.<\/p>\n<p>E, sobretudo, n\u00e3o deixe de caminhar feliz, com o cora\u00e7\u00e3o em festa, agradecido a Deus por ter lhe dado a chance de percorrer esse caminho de sabedoria.<\/p>\n<p>Reda\u00e7\u00e3o do Momento Esp\u00edrita<\/p>\n","protected":false},"excerpt":{"rendered":"<p>E se a vida fosse uma estrada Cada um de n\u00f3s caminha pela vida como se fosse um viajante que percorre uma estrada. H\u00e1 os que passam pouco tempo caminhando e os que ficam por longos anos. H\u00e1 os que veem margens floridas e os que somente enxergam paisagens desertas.<\/p>\n","protected":false},"author":2,"featured_media":681,"comment_status":"open","ping_status":"open","sticky":false,"template":"","format":"standard","meta":{"footnotes":""},"categories":[4],"tags":[],"class_list":["post-1647","post","type-post","status-publish","format-standard","has-post-thumbnail","hentry","category-reflexoes"],"_links":{"self":[{"href":"https:\/\/www.gruposamaritano.com.br\/ges\/wp-json\/wp\/v2\/posts\/1647","targetHints":{"allow":["GET"]}}],"collection":[{"href":"https:\/\/www.gruposamaritano.com.br\/ges\/wp-json\/wp\/v2\/posts"}],"about":[{"href":"https:\/\/www.gruposamaritano.com.br\/ges\/wp-json\/wp\/v2\/types\/post"}],"author":[{"embeddable":true,"href":"https:\/\/www.gruposamaritano.com.br\/ges\/wp-json\/wp\/v2\/users\/2"}],"replies":[{"embeddable":true,"href":"https:\/\/www.gruposamaritano.com.br\/ges\/wp-json\/wp\/v2\/comments?post=1647"}],"version-history":[{"count":0,"href":"https:\/\/www.gruposamaritano.com.br\/ges\/wp-json\/wp\/v2\/posts\/1647\/revisions"}],"wp:featuredmedia":[{"embeddable":true,"href":"https:\/\/www.gruposamaritano.com.br\/ges\/wp-json\/wp\/v2\/media\/681"}],"wp:attachment":[{"href":"https:\/\/www.gruposamaritano.com.br\/ges\/wp-json\/wp\/v2\/media?parent=1647"}],"wp:term":[{"taxonomy":"category","embeddable":true,"href":"https:\/\/www.gruposamaritano.com.br\/ges\/wp-json\/wp\/v2\/categories?post=1647"},{"taxonomy":"post_tag","embeddable":true,"href":"https:\/\/www.gruposamaritano.com.br\/ges\/wp-json\/wp\/v2\/tags?post=1647"}],"curies":[{"name":"wp","href":"https:\/\/api.w.org\/{rel}","templated":true}]}}