{"id":1624,"date":"2017-01-19T14:13:59","date_gmt":"2017-01-19T17:13:59","guid":{"rendered":"https:\/\/www.gruposamaritano.com.br\/ges\/?p=1624"},"modified":"2017-01-19T14:13:59","modified_gmt":"2017-01-19T17:13:59","slug":"quem-cuida-de-seu-filho-quando-ele-nao-esta-sob-seus-olhos","status":"publish","type":"post","link":"https:\/\/www.gruposamaritano.com.br\/ges\/2017\/01\/quem-cuida-de-seu-filho-quando-ele-nao-esta-sob-seus-olhos\/","title":{"rendered":"Quem cuida de seu filho quando ele n\u00e3o est\u00e1 sob seus olhos?"},"content":{"rendered":"<p>Quem cuida de seu filho quando ele n\u00e3o est\u00e1 sob seus olhos?<\/p>\n<p>Voc\u00ea diz que, na escola, os professores s\u00e3o os respons\u00e1veis; que em seu lar, voc\u00ea tem uma bab\u00e1 igualmente respons\u00e1vel.<\/p>\n<p>Enfim, voc\u00ea sempre acredita que algu\u00e9m, quando voc\u00ea n\u00e3o estiver por perto, estar\u00e1 de olho nele.<\/p>\n<p>Parentes, amigos, contratados \u00e0 parte, h\u00e1, tamb\u00e9m, uma prote\u00e7\u00e3o invis\u00edvel que zela por seu filho.<\/p>\n<p><!--more--><\/p>\n<p>Voc\u00ea pode dizer que \u00e9 seu anjo de guarda, seu anjo bom. A denomina\u00e7\u00e3o, em verdade, n\u00e3o importa.<\/p>\n<p>O que realmente se faz de import\u00e2ncia \u00e9 esta certeza de que um ser invis\u00edvel debru\u00e7a sua aten\u00e7\u00e3o sobre seu filho, onde quer que ele esteja.<\/p>\n<p>E tamb\u00e9m sobre voc\u00ea. N\u00e3o se trata de uma teoria para consolar as m\u00e3es que ficam distantes de seus filhos longas horas.<\/p>\n<p>Ou para quem caminha s\u00f3 nas estradas do mundo. Refere-se a uma verdade que o homem desde muito tempo percebeu.<\/p>\n<p>Basta que nos recordemos de gravuras antigas que mostram crian\u00e7as atravessando uma ponte em mau estado, sob o olhar atento de um mensageiro celeste.<\/p>\n<p>Ou que evoquemos o livro b\u00edblico de Tobias, onde um anjo acompanha o jovem em seu longo itiner\u00e1rio, devolvendo-o ao pai zeloso, s\u00e3o e salvo.<\/p>\n<p>\u00c9 doce e encantador saber que cada um de n\u00f3s tem seu anjo de guarda. Um ser que lhe \u00e9 superior, que o ampara e aconselha.<\/p>\n<p>\u00c9 ele que nos sussurra aos ouvidos: Detenha o passo! Acalme-se! Espere para agir!<\/p>\n<p>Ou nos incentiva: V\u00e1 em frente! Esfor\u00e7e-se! Estou com voc\u00ea!<\/p>\n<p>\u00c9 esse ser que nos ajuda na ascens\u00e3o da montanha do bem. Um amigo sincero e dedicado, que permanece ao nosso lado por ordem de Deus.<\/p>\n<p>Foi Deus quem a\u00ed o colocou. e ele permanece por amor de Deus, desempenhando o que lhe constitui bela, mas tamb\u00e9m penosa miss\u00e3o.<\/p>\n<p>Isso porque em muitas ocasi\u00f5es, ele nos aconselha, sugere e fazemos ouvidos surdos. Ele se entristece, nesses momentos, por saber que logo mais sofreremos pela nossa rebeldia.<\/p>\n<p>Mas n\u00e3o afronta nosso livre-arb\u00edtrio. Permanece \u00e0 dist\u00e2ncia, para agir adiante, outra vez, em nova tentativa.<\/p>\n<p>Sua a\u00e7\u00e3o \u00e9 sempre regulada, porque se f\u00f4ssemos simplesmente teleguiados por ele n\u00e3o ser\u00edamos respons\u00e1veis pelos nossos atos.<\/p>\n<p>Tamb\u00e9m n\u00e3o progredir\u00edamos se n\u00e3o tiv\u00e9ssemos que pensar, reflexionar e tomar decis\u00f5es.<\/p>\n<p>O fato de n\u00e3o o vermos tamb\u00e9m tem um fim providencial. N\u00e3o vendo quem o ampara, o homem confia em suas pr\u00f3prias for\u00e7as.<\/p>\n<p>E batalha. Executa. Combate para alcan\u00e7ar os objetivos que pretende.<\/p>\n<p>N\u00e3o importa onde estejamos: no c\u00e1rcere, no hospital, nos lugares de vicia\u00e7\u00e3o, na solid\u00e3o, ele sempre estar\u00e1 presente.<\/p>\n<p>Esse anjo silencioso e amigo nos acompanha desde o nascimento at\u00e9 a morte.<br \/>\nE, muitas vezes, na vida espiritual.<\/p>\n<p>E mesmo atrav\u00e9s de muitas exist\u00eancias corp\u00f3reas, que mais n\u00e3o s\u00e3o do que fases curt\u00edssimas da vida do Esp\u00edrito.<\/p>\n<p>* * *<\/p>\n<p>Voc\u00ea pode ter se transviado no mundo. Quem sabe, perdido o rumo dos pr\u00f3prios passos.<\/p>\n<p>Pense, no entanto, que um mission\u00e1rio do bem e da verdade, que \u00e9 respons\u00e1vel por voc\u00ea, pela sua guarda, permanece vigilante.<\/p>\n<p>Se voc\u00ea quiser, abra os ouvidos da alma e escute-o, retomando as trilhas luminosas.<\/p>\n<p>Ningu\u00e9m, nunca, est\u00e1 totalmente perdido neste imenso universo de almas e de homens.<\/p>\n<p>Pense nisso!<\/p>\n<p>Autor: Momento Esp\u00edrita<\/p>\n","protected":false},"excerpt":{"rendered":"<p>Quem cuida de seu filho quando ele n\u00e3o est\u00e1 sob seus olhos? Voc\u00ea diz que, na escola, os professores s\u00e3o os respons\u00e1veis; que em seu lar, voc\u00ea tem uma bab\u00e1 igualmente respons\u00e1vel. Enfim, voc\u00ea sempre acredita que algu\u00e9m, quando voc\u00ea n\u00e3o estiver por perto, estar\u00e1 de olho nele. Parentes, amigos, contratados \u00e0 [&hellip;]<\/p>\n","protected":false},"author":2,"featured_media":984,"comment_status":"open","ping_status":"open","sticky":false,"template":"","format":"standard","meta":{"footnotes":""},"categories":[4],"tags":[],"class_list":["post-1624","post","type-post","status-publish","format-standard","has-post-thumbnail","hentry","category-reflexoes"],"_links":{"self":[{"href":"https:\/\/www.gruposamaritano.com.br\/ges\/wp-json\/wp\/v2\/posts\/1624","targetHints":{"allow":["GET"]}}],"collection":[{"href":"https:\/\/www.gruposamaritano.com.br\/ges\/wp-json\/wp\/v2\/posts"}],"about":[{"href":"https:\/\/www.gruposamaritano.com.br\/ges\/wp-json\/wp\/v2\/types\/post"}],"author":[{"embeddable":true,"href":"https:\/\/www.gruposamaritano.com.br\/ges\/wp-json\/wp\/v2\/users\/2"}],"replies":[{"embeddable":true,"href":"https:\/\/www.gruposamaritano.com.br\/ges\/wp-json\/wp\/v2\/comments?post=1624"}],"version-history":[{"count":0,"href":"https:\/\/www.gruposamaritano.com.br\/ges\/wp-json\/wp\/v2\/posts\/1624\/revisions"}],"wp:featuredmedia":[{"embeddable":true,"href":"https:\/\/www.gruposamaritano.com.br\/ges\/wp-json\/wp\/v2\/media\/984"}],"wp:attachment":[{"href":"https:\/\/www.gruposamaritano.com.br\/ges\/wp-json\/wp\/v2\/media?parent=1624"}],"wp:term":[{"taxonomy":"category","embeddable":true,"href":"https:\/\/www.gruposamaritano.com.br\/ges\/wp-json\/wp\/v2\/categories?post=1624"},{"taxonomy":"post_tag","embeddable":true,"href":"https:\/\/www.gruposamaritano.com.br\/ges\/wp-json\/wp\/v2\/tags?post=1624"}],"curies":[{"name":"wp","href":"https:\/\/api.w.org\/{rel}","templated":true}]}}