{"id":1595,"date":"2016-12-28T14:09:04","date_gmt":"2016-12-28T17:09:04","guid":{"rendered":"https:\/\/www.gruposamaritano.com.br\/ges\/?p=1595"},"modified":"2016-12-28T14:09:04","modified_gmt":"2016-12-28T17:09:04","slug":"dizem-que-a-vida-e-curta-2","status":"publish","type":"post","link":"https:\/\/www.gruposamaritano.com.br\/ges\/2016\/12\/dizem-que-a-vida-e-curta-2\/","title":{"rendered":"Dizem que a vida \u00e9 curta&#8230;"},"content":{"rendered":"<p>Dizem que a vida \u00e9 curta, mas n\u00e3o \u00e9 verdade.<br \/>\nA vida \u00e9 longa para quem consegue viver pequenas felicidades.<br \/>\nE essa tal felicidade anda por a\u00ed, disfar\u00e7ada, como uma crian\u00e7a tranquila brincando de esconde-esconde.<br \/>\nInfelizmente \u00e0s vezes n\u00e3o percebemos isso e passamos nossa exist\u00eancia colecionando \u2018N\u00c3O\u2019:<br \/>\na viagem que n\u00e3o fizemos,<br \/>\n<!--more--><\/p>\n<p>o presente que n\u00e3o demos,<br \/>\na festa que n\u00e3o fomos,<br \/>\no amor que n\u00e3o vivemos,<br \/>\no perfume que n\u00e3o sentimos.<br \/>\nA vida \u00e9 mais emocionante quando se \u00e9 ator e n\u00e3o espectador, quando se \u00e9 piloto e n\u00e3o passageiro, p\u00e1ssaro e n\u00e3o paisagem, cavaleiro e n\u00e3o montaria.<br \/>\nE como ela \u00e9 feita de instantes, n\u00e3o pode nem deve ser medida em anos ou meses, mas em minutos e segundos.<br \/>\nEsta mensagem \u00e9 um tributo ao tempo.<br \/>\nTanto aquele tempo que voc\u00ea soube aproveitar no passado quanto aquele tempo que voc\u00ea n\u00e3o vai desperdi\u00e7ar no futuro.<br \/>\nPorque a vida \u00e9 agora.<br \/>\nN\u00e3o tenha medo do futuro,<br \/>\napenas lute e se esforce ao m\u00e1ximo para que ele seja do jeito que voc\u00ea sempre desejou.<br \/>\nA morte n\u00e3o \u00e9 a maior perda da vida.<br \/>\nA maior perda da vida \u00e9 o que morre dentro de n\u00f3s enquanto vivemos.<\/p>\n<p>Dalai Lama<\/p>\n","protected":false},"excerpt":{"rendered":"<p>Dizem que a vida \u00e9 curta, mas n\u00e3o \u00e9 verdade. A vida \u00e9 longa para quem consegue viver pequenas felicidades. E essa tal felicidade anda por a\u00ed, disfar\u00e7ada, como uma crian\u00e7a tranquila brincando de esconde-esconde. Infelizmente \u00e0s vezes n\u00e3o percebemos isso e passamos nossa exist\u00eancia colecionando \u2018N\u00c3O\u2019: a viagem que n\u00e3o fizemos,<\/p>\n","protected":false},"author":2,"featured_media":1103,"comment_status":"open","ping_status":"open","sticky":false,"template":"","format":"standard","meta":{"footnotes":""},"categories":[4],"tags":[],"class_list":["post-1595","post","type-post","status-publish","format-standard","has-post-thumbnail","hentry","category-reflexoes"],"_links":{"self":[{"href":"https:\/\/www.gruposamaritano.com.br\/ges\/wp-json\/wp\/v2\/posts\/1595","targetHints":{"allow":["GET"]}}],"collection":[{"href":"https:\/\/www.gruposamaritano.com.br\/ges\/wp-json\/wp\/v2\/posts"}],"about":[{"href":"https:\/\/www.gruposamaritano.com.br\/ges\/wp-json\/wp\/v2\/types\/post"}],"author":[{"embeddable":true,"href":"https:\/\/www.gruposamaritano.com.br\/ges\/wp-json\/wp\/v2\/users\/2"}],"replies":[{"embeddable":true,"href":"https:\/\/www.gruposamaritano.com.br\/ges\/wp-json\/wp\/v2\/comments?post=1595"}],"version-history":[{"count":0,"href":"https:\/\/www.gruposamaritano.com.br\/ges\/wp-json\/wp\/v2\/posts\/1595\/revisions"}],"wp:featuredmedia":[{"embeddable":true,"href":"https:\/\/www.gruposamaritano.com.br\/ges\/wp-json\/wp\/v2\/media\/1103"}],"wp:attachment":[{"href":"https:\/\/www.gruposamaritano.com.br\/ges\/wp-json\/wp\/v2\/media?parent=1595"}],"wp:term":[{"taxonomy":"category","embeddable":true,"href":"https:\/\/www.gruposamaritano.com.br\/ges\/wp-json\/wp\/v2\/categories?post=1595"},{"taxonomy":"post_tag","embeddable":true,"href":"https:\/\/www.gruposamaritano.com.br\/ges\/wp-json\/wp\/v2\/tags?post=1595"}],"curies":[{"name":"wp","href":"https:\/\/api.w.org\/{rel}","templated":true}]}}