{"id":1578,"date":"2016-12-19T15:41:28","date_gmt":"2016-12-19T18:41:28","guid":{"rendered":"https:\/\/www.gruposamaritano.com.br\/ges\/?p=1578"},"modified":"2016-12-19T15:41:28","modified_gmt":"2016-12-19T18:41:28","slug":"por-que-medo-da-vida","status":"publish","type":"post","link":"https:\/\/www.gruposamaritano.com.br\/ges\/2016\/12\/por-que-medo-da-vida\/","title":{"rendered":"Por que medo da vida&#8230;"},"content":{"rendered":"<p>Por que medo da vida, se ela \u00e9 milagre de gratuidade?<\/p>\n<p>Medo da sombra, se ela \u00e9 o caminho da luz?<\/p>\n<p>Medo do outro, se ele \u00e9 a imagem de Deus?<\/p>\n<p>Medo do espelho, se ele reflete a verdade?<\/p>\n<p><!--more--><\/p>\n<p>Medo do amanh\u00e3, se ele \u00e9 promessa de nascimento?<\/p>\n<p>Medo do amor, se ele \u00e9 o sol da vida?<\/p>\n<p>Medo da l\u00e1grima, se ela \u00e9 fonte de pureza?<\/p>\n<p>Medo da saudade, se ela \u00e9 esperan\u00e7a do infinito?<\/p>\n<p>Medo da perda se existe a eternidade?<\/p>\n<p>Medo do abismo, se a ponte \u00e9 segura?<\/p>\n<p>Medo da queda, se ela \u00e9 semente de grandeza?<\/p>\n<p>Medo da sede se canta uma fonte?<\/p>\n<p>Medo da viagem, se ela conduz para casa?<\/p>\n<p>PORQUE MEDO DE DEUS,<\/p>\n<p>SE ELE \u00c9 A PLENITUDE DO AMOR?<\/p>\n<p>Clemente Kesselmeier<\/p>\n","protected":false},"excerpt":{"rendered":"<p>Por que medo da vida, se ela \u00e9 milagre de gratuidade? Medo da sombra, se ela \u00e9 o caminho da luz? Medo do outro, se ele \u00e9 a imagem de Deus? Medo do espelho, se ele reflete a verdade?<\/p>\n","protected":false},"author":2,"featured_media":708,"comment_status":"open","ping_status":"open","sticky":false,"template":"","format":"standard","meta":{"footnotes":""},"categories":[4],"tags":[],"class_list":["post-1578","post","type-post","status-publish","format-standard","has-post-thumbnail","hentry","category-reflexoes"],"_links":{"self":[{"href":"https:\/\/www.gruposamaritano.com.br\/ges\/wp-json\/wp\/v2\/posts\/1578","targetHints":{"allow":["GET"]}}],"collection":[{"href":"https:\/\/www.gruposamaritano.com.br\/ges\/wp-json\/wp\/v2\/posts"}],"about":[{"href":"https:\/\/www.gruposamaritano.com.br\/ges\/wp-json\/wp\/v2\/types\/post"}],"author":[{"embeddable":true,"href":"https:\/\/www.gruposamaritano.com.br\/ges\/wp-json\/wp\/v2\/users\/2"}],"replies":[{"embeddable":true,"href":"https:\/\/www.gruposamaritano.com.br\/ges\/wp-json\/wp\/v2\/comments?post=1578"}],"version-history":[{"count":0,"href":"https:\/\/www.gruposamaritano.com.br\/ges\/wp-json\/wp\/v2\/posts\/1578\/revisions"}],"wp:featuredmedia":[{"embeddable":true,"href":"https:\/\/www.gruposamaritano.com.br\/ges\/wp-json\/wp\/v2\/media\/708"}],"wp:attachment":[{"href":"https:\/\/www.gruposamaritano.com.br\/ges\/wp-json\/wp\/v2\/media?parent=1578"}],"wp:term":[{"taxonomy":"category","embeddable":true,"href":"https:\/\/www.gruposamaritano.com.br\/ges\/wp-json\/wp\/v2\/categories?post=1578"},{"taxonomy":"post_tag","embeddable":true,"href":"https:\/\/www.gruposamaritano.com.br\/ges\/wp-json\/wp\/v2\/tags?post=1578"}],"curies":[{"name":"wp","href":"https:\/\/api.w.org\/{rel}","templated":true}]}}