{"id":1568,"date":"2016-12-05T15:41:35","date_gmt":"2016-12-05T18:41:35","guid":{"rendered":"https:\/\/www.gruposamaritano.com.br\/ges\/?p=1568"},"modified":"2016-12-05T15:53:24","modified_gmt":"2016-12-05T18:53:24","slug":"mensagem-aos-meus-amigos","status":"publish","type":"post","link":"https:\/\/www.gruposamaritano.com.br\/ges\/2016\/12\/mensagem-aos-meus-amigos\/","title":{"rendered":"Mensagem aos meus amigos&#8230;"},"content":{"rendered":"<p>Um dia a maioria de n\u00f3s ir\u00e1 se separar. Sentiremos saudades de todas as<br \/>\nconversas jogadas fora, as descobertas que fizemos, dos sonhos que tivemos,<br \/>\ndos tantos risos e momentos que compartilhamos&#8230;<\/p>\n<p><!--more--><\/p>\n<p>Saudades at\u00e9 dos momentos de l\u00e1grima, da ang\u00fastia, das v\u00e9speras de finais de<br \/>\nsemana, de finais de ano, enfim&#8230; do companheirismo vivido&#8230; Sempre pensei<br \/>\nque as amizades continuassem para sempre&#8230;<\/p>\n<p>Hoje n\u00e3o tenho mais tanta certeza disso. Em breve cada um vai pra seu lado,<br \/>\nseja pelo destino, ou por algum desentendimento, segue a sua vida, talvez<br \/>\ncontinuemos a nos encontrar, quem sabe&#8230; nos e-mails trocados&#8230;<\/p>\n<p>Podemos nos telefonar&#8230; conversar algumas bobagens. A\u00ed os dias v\u00e3o<br \/>\npassar&#8230; meses&#8230; anos&#8230; at\u00e9 este contato tornar-se cada vez mais raro.<br \/>\nVamos nos perder no tempo&#8230;<\/p>\n<p>Um dia nossos filhos ver\u00e3o aquelas fotografias e perguntar\u00e3o: Quem s\u00e3o<br \/>\naquelas pessoas? Diremos que eram nossos amigos. E&#8230; isso vai doer tanto!!!<br \/>\nForam meus amigos, foi com eles que vivi os melhores anos de minha vida!<\/p>\n<p>A saudade vai apertar bem dentro do peito. Vai dar uma vontade de ligar,<br \/>\nouvir aquelas vozes novamente&#8230; Quando o nosso grupo estiver incompleto&#8230;<br \/>\nnos reuniremos para um \u00faltimo adeus de um amigo. E entre l\u00e1grima nos<br \/>\nabra\u00e7aremos&#8230;<\/p>\n<p>Faremos promessas de nos encontrar mais vezes daquele dia em diante. Por<br \/>\nfim, cada um vai para o seu lado para continuar a viver a sua vidinha<br \/>\nisolada do passado&#8230; E nos perderemos no tempo&#8230;<\/p>\n<p>Por isso, fica aqui um pedido deste humilde amigo: n\u00e3o deixes que a vida<br \/>\npasse em branco, e que pequenas adversidades sejam a causa de grandes<br \/>\ntempestades&#8230;<\/p>\n<p>Vin\u00edcius de Moraes<\/p>\n","protected":false},"excerpt":{"rendered":"<p>Um dia a maioria de n\u00f3s ir\u00e1 se separar. Sentiremos saudades de todas as conversas jogadas fora, as descobertas que fizemos, dos sonhos que tivemos, dos tantos risos e momentos que compartilhamos&#8230;<\/p>\n","protected":false},"author":2,"featured_media":1469,"comment_status":"open","ping_status":"open","sticky":false,"template":"","format":"standard","meta":{"footnotes":""},"categories":[4],"tags":[],"class_list":["post-1568","post","type-post","status-publish","format-standard","has-post-thumbnail","hentry","category-reflexoes"],"_links":{"self":[{"href":"https:\/\/www.gruposamaritano.com.br\/ges\/wp-json\/wp\/v2\/posts\/1568","targetHints":{"allow":["GET"]}}],"collection":[{"href":"https:\/\/www.gruposamaritano.com.br\/ges\/wp-json\/wp\/v2\/posts"}],"about":[{"href":"https:\/\/www.gruposamaritano.com.br\/ges\/wp-json\/wp\/v2\/types\/post"}],"author":[{"embeddable":true,"href":"https:\/\/www.gruposamaritano.com.br\/ges\/wp-json\/wp\/v2\/users\/2"}],"replies":[{"embeddable":true,"href":"https:\/\/www.gruposamaritano.com.br\/ges\/wp-json\/wp\/v2\/comments?post=1568"}],"version-history":[{"count":0,"href":"https:\/\/www.gruposamaritano.com.br\/ges\/wp-json\/wp\/v2\/posts\/1568\/revisions"}],"wp:featuredmedia":[{"embeddable":true,"href":"https:\/\/www.gruposamaritano.com.br\/ges\/wp-json\/wp\/v2\/media\/1469"}],"wp:attachment":[{"href":"https:\/\/www.gruposamaritano.com.br\/ges\/wp-json\/wp\/v2\/media?parent=1568"}],"wp:term":[{"taxonomy":"category","embeddable":true,"href":"https:\/\/www.gruposamaritano.com.br\/ges\/wp-json\/wp\/v2\/categories?post=1568"},{"taxonomy":"post_tag","embeddable":true,"href":"https:\/\/www.gruposamaritano.com.br\/ges\/wp-json\/wp\/v2\/tags?post=1568"}],"curies":[{"name":"wp","href":"https:\/\/api.w.org\/{rel}","templated":true}]}}