{"id":1566,"date":"2016-12-02T14:44:25","date_gmt":"2016-12-02T17:44:25","guid":{"rendered":"https:\/\/www.gruposamaritano.com.br\/ges\/?p=1566"},"modified":"2016-12-02T14:44:25","modified_gmt":"2016-12-02T17:44:25","slug":"as-quatro-estacoes-da-vida","status":"publish","type":"post","link":"https:\/\/www.gruposamaritano.com.br\/ges\/2016\/12\/as-quatro-estacoes-da-vida\/","title":{"rendered":"As quatro esta\u00e7\u00f5es da vida&#8230;"},"content":{"rendered":"<p>Voc\u00ea j\u00e1 notou a perfei\u00e7\u00e3o que existe na natureza? Uma prova incontest\u00e1vel da<br \/>\nharmonia que rege a Cria\u00e7\u00e3o. Como num poema c\u00f3smico, Deus rima a vida humana<br \/>\ncom o ritmo dos mundos.<br \/>\nAo nascermos, \u00e9 a primavera que eclode em seus perfumes e cores. Tudo \u00e9<br \/>\nfesta. A pele \u00e9 vi\u00e7osa. Cabelos e olhos brilham, o sorriso \u00e9 f\u00e1cil. Tudo<br \/>\ntraduz esperan\u00e7a e alegria.<br \/>\n<!--more--><\/p>\n<p>Delicada primavera, como as crian\u00e7as que encantam os nossos olhos com sua<br \/>\ngra\u00e7a. Nessa \u00e9poca, tudo parece sorrir. Nenhuma preocupa\u00e7\u00e3o perturba a alma.<br \/>\nA juventude corresponde ao auge do ver\u00e3o. Esta\u00e7\u00e3o de calor e beleza,<br \/>\naben\u00e7oada pelas chuvas ocasionais. O sol aquece as almas, renovam-se as<br \/>\npromessas.<br \/>\nOs jovens acreditam que podem todas as coisas, que far\u00e3o revolu\u00e7\u00f5es no<br \/>\nmundo, que corrigir\u00e3o todos os erros.<br \/>\nTrazem a alma aquecida pelo entusiasmo. S\u00e3o impetuosos, vibrantes. Seus<br \/>\nimpulsos fortes tamb\u00e9m podem ser passageiros&#8230; como as tempestades de<br \/>\nver\u00e3o.<br \/>\nMas a vida corre c\u00e9lere. E um dia &#8211; que surpresa &#8211; a for\u00e7a do ver\u00e3o j\u00e1 se<br \/>\nfoi.<br \/>\nUma olhada ao espelho nos mostra rugas, os cabelos que come\u00e7am a<br \/>\nembranquecer, mas tamb\u00e9m aponta a mente trabalhada pela maturidade, a<br \/>\nconquista de uma vis\u00e3o mais completa sobre a exist\u00eancia. \u00c9 a chegada do<br \/>\noutono.<br \/>\nNessa esta\u00e7\u00e3o, a palavra \u00e9 plenitude. Outono remete a uma \u00e9poca de reflex\u00e3o<br \/>\ne de profunda beleza. Suas paisagens inspiradoras &#8211; de folhas douradas e<br \/>\nc\u00e9us de cores incr\u00edveis &#8211; traduzem bem esse momento de nossa vida.<br \/>\nNo outono da exist\u00eancia j\u00e1 n\u00e3o h\u00e1 a ingenuidade infantil ou o \u00edmpeto<br \/>\nincontido da juventude, mas h\u00e1 sabedoria acumulada, experi\u00eancia e muita<br \/>\ndisposi\u00e7\u00e3o para viver cada momento, aproveitando cada segundo.<br \/>\nEnfim, um dia chega o inverno. A mais inquietante das esta\u00e7\u00f5es. Muitos temem<br \/>\no inverno, como temem a velhice. \u00c9 que esquecem a beleza misteriosa das<br \/>\npaisagens cobertas de neve.<br \/>\n\u00c9poca de recolhimento? Em parte. O inverno \u00e9 tamb\u00e9m a \u00e9poca do<br \/>\ncompartilhamento de experi\u00eancias.<br \/>\nQuem disse que a velhice \u00e9 triste? Ela pode ser calorosa e feliz, como uma<br \/>\nnoite de inverno diante da lareira, na companhia dos seres amados.<br \/>\nVelhice tamb\u00e9m pode ser chocolate quente, sorrisos gentis, leitura<br \/>\nsossegada, generosidade com filhos e netos. Basta que n\u00e3o se deixe que o<br \/>\nfrio enregele a alma.<br \/>\nFelizes seremos n\u00f3s se aproveitarmos a beleza de cada esta\u00e7\u00e3o. Da primavera<br \/>\nlevarmos pela vida inteira a espontaneidade e a alegria.<br \/>\nDo ver\u00e3o, a leveza e a for\u00e7a de vontade. Do outono, a reflex\u00e3o. Do inverno,<br \/>\na experi\u00eancia que se compartilha com os seres amados.<br \/>\nA mensagem das esta\u00e7\u00f5es em nossa vida vai al\u00e9m. Quando pensar com tristeza<br \/>\nna velhice, afaste de imediato essa ideia.<br \/>\nLembre-se que ap\u00f3s o inverno surge novamente a primavera. E tudo recome\u00e7a.<br \/>\nN\u00f3s tamb\u00e9m recome\u00e7aremos. Nossa trajet\u00f3ria n\u00e3o se resume ao fim do inverno.<br \/>\nH\u00e1 outras vidas, com novas esta\u00e7\u00f5es. E todas iniciam pela primavera da<br \/>\nidade.<br \/>\nAp\u00f3s a morte, ressurgiremos em outros planos da vida. E seremos plenos,<br \/>\nseremos belos. Basta para isso amar. Amar muito.<br \/>\nAmar as pessoas, as flores, os bichos, os mundos que giram serenos. Amar,<br \/>\nenfim, a Cria\u00e7\u00e3o Divina. Amar tanto que a vida se transforme numa eterna<br \/>\nprimavera.<\/p>\n<p>Reda\u00e7\u00e3o do Momento Esp\u00edrita<\/p>\n","protected":false},"excerpt":{"rendered":"<p>Voc\u00ea j\u00e1 notou a perfei\u00e7\u00e3o que existe na natureza? Uma prova incontest\u00e1vel da harmonia que rege a Cria\u00e7\u00e3o. Como num poema c\u00f3smico, Deus rima a vida humana com o ritmo dos mundos. Ao nascermos, \u00e9 a primavera que eclode em seus perfumes e cores. Tudo \u00e9 festa. A pele \u00e9 vi\u00e7osa. Cabelos [&hellip;]<\/p>\n","protected":false},"author":2,"featured_media":736,"comment_status":"open","ping_status":"open","sticky":false,"template":"","format":"standard","meta":{"footnotes":""},"categories":[4],"tags":[],"class_list":["post-1566","post","type-post","status-publish","format-standard","has-post-thumbnail","hentry","category-reflexoes"],"_links":{"self":[{"href":"https:\/\/www.gruposamaritano.com.br\/ges\/wp-json\/wp\/v2\/posts\/1566","targetHints":{"allow":["GET"]}}],"collection":[{"href":"https:\/\/www.gruposamaritano.com.br\/ges\/wp-json\/wp\/v2\/posts"}],"about":[{"href":"https:\/\/www.gruposamaritano.com.br\/ges\/wp-json\/wp\/v2\/types\/post"}],"author":[{"embeddable":true,"href":"https:\/\/www.gruposamaritano.com.br\/ges\/wp-json\/wp\/v2\/users\/2"}],"replies":[{"embeddable":true,"href":"https:\/\/www.gruposamaritano.com.br\/ges\/wp-json\/wp\/v2\/comments?post=1566"}],"version-history":[{"count":0,"href":"https:\/\/www.gruposamaritano.com.br\/ges\/wp-json\/wp\/v2\/posts\/1566\/revisions"}],"wp:featuredmedia":[{"embeddable":true,"href":"https:\/\/www.gruposamaritano.com.br\/ges\/wp-json\/wp\/v2\/media\/736"}],"wp:attachment":[{"href":"https:\/\/www.gruposamaritano.com.br\/ges\/wp-json\/wp\/v2\/media?parent=1566"}],"wp:term":[{"taxonomy":"category","embeddable":true,"href":"https:\/\/www.gruposamaritano.com.br\/ges\/wp-json\/wp\/v2\/categories?post=1566"},{"taxonomy":"post_tag","embeddable":true,"href":"https:\/\/www.gruposamaritano.com.br\/ges\/wp-json\/wp\/v2\/tags?post=1566"}],"curies":[{"name":"wp","href":"https:\/\/api.w.org\/{rel}","templated":true}]}}