{"id":1564,"date":"2016-12-01T18:45:24","date_gmt":"2016-12-01T21:45:24","guid":{"rendered":"https:\/\/www.gruposamaritano.com.br\/ges\/?p=1564"},"modified":"2016-12-01T18:45:24","modified_gmt":"2016-12-01T21:45:24","slug":"recomecar","status":"publish","type":"post","link":"https:\/\/www.gruposamaritano.com.br\/ges\/2016\/12\/recomecar\/","title":{"rendered":"Recome\u00e7ar&#8230;"},"content":{"rendered":"<p>N\u00e3o importa onde voc\u00ea parou&#8230; em que momento da vida voc\u00ea se cansou&#8230; o<br \/>\nque importa \u00e9 que sempre \u00e9 poss\u00edvel e necess\u00e1rio recome\u00e7ar.<br \/>\nRecome\u00e7ar \u00e9 dar uma nova chance a si mesmo&#8230;<br \/>\n\u00c9 renovar as esperan\u00e7as na vida e, o mais importante: acreditar em voc\u00ea<br \/>\nnovamente.<br \/>\n<!--more--><\/p>\n<p>Sofreu muito nesse per\u00edodo? Foi aprendizado&#8230;<br \/>\nChorou muito? Foi limpeza da alma&#8230;<br \/>\nFicou com raiva das pessoas? Foi para perdo\u00e1-las um dia&#8230;<br \/>\nSentiu-se s\u00f3 por diversas vezes? \u00c9 porque fechou a porta at\u00e9 para os<br \/>\nanjos&#8230;<br \/>\nEst\u00e1 se sentindo sozinho? Talvez voc\u00ea tenha afastado as pessoas no seu<br \/>\n&#8220;per\u00edodo de isolamento&#8221;..<br \/>\nAcreditou que tudo estava perdido? Era o in\u00edcio da sua melhora&#8230;<br \/>\nPois bem, agora \u00e9 hora de reiniciar, de pensar na luz&#8230; de encontrar prazer<br \/>\nnas coisas simples de novo.<br \/>\nTem tanta gente esperando apenas um sorriso seu para se aproximar.<br \/>\nQue tal dar um jeito no visual, fazer um novo curso ou realizar aquele velho<br \/>\ndesejo de aprender a pintar, desenhar, dominar o computador, ou qualquer<br \/>\noutra coisa?<br \/>\nObserve quantos desafios a vida est\u00e1 a lhe oferecer!<br \/>\nQuanta coisa nova est\u00e1 esperando para ser descoberta!<br \/>\nQuando nos trancamos na tristeza, nem n\u00f3s mesmos nos suportamos, ficamos<br \/>\nhorr\u00edveis.<br \/>\nO mau humor vai minando nosso f\u00edgado, at\u00e9 a boca ficar amarga.<br \/>\nSe voc\u00ea est\u00e1 se sentindo assim, com a sensa\u00e7\u00e3o de derrota, \u00e9 hora de<br \/>\nrecome\u00e7ar&#8230;<br \/>\nE hoje \u00e9 um bom dia para enfrentar novos desafios.<br \/>\nDefina aonde voc\u00ea quer chegar e d\u00ea o primeiro passo.<br \/>\nComece por fazer uma faxina mental, jogando fora todos esses pensamentos e<br \/>\nsentimentos pessimistas que se acumularam ao longo do tempo.<br \/>\nAtire para longe os ressentimentos, as m\u00e1goas, os melindres que impedem a<br \/>\nfelicidade de entrar.<br \/>\nDesfa\u00e7a-se desse sentimento de inferioridade, de incapacidade, e<br \/>\nvalorize-se. Voc\u00ea \u00e9 o que fizer de voc\u00ea.<br \/>\nEm seguida, fa\u00e7a uma faxina no seu quarto. Jogue fora todo aquele lixo que<br \/>\nvoc\u00ea acumula h\u00e1 tempos, s\u00f3 como recorda\u00e7\u00e3o do passado.<br \/>\nPap\u00e9is velhos dos quais voc\u00ea nunca precisou. Disco e fitas que voc\u00ea n\u00e3o ir\u00e1<br \/>\nmais ouvir, ingressos de cinema, bilhetes de viagens, e tudo aquilo que s\u00f3<br \/>\ntraz recorda\u00e7\u00f5es tristes.<br \/>\nAbra seu guarda-roupa e retire tudo o que n\u00e3o usa mais. Doe para algu\u00e9m que<br \/>\nprecisa. Doe os cal\u00e7ados que apertam seus p\u00e9s ou que n\u00e3o servem porque seu<br \/>\nn\u00famero n\u00e3o \u00e9 mais o mesmo.<br \/>\nPara recome\u00e7ar \u00e9 preciso abrir espa\u00e7os mentais e f\u00edsicos&#8230;<br \/>\nDepois que tomar essas provid\u00eancias, leia um bom livro, assista um bom<br \/>\nfilme, para alimentar sua mente com ideias positivas e otimistas.<br \/>\nAproxime-se dos amigos, dos familiares, das pessoas alegres que ajudar\u00e3o<br \/>\nvoc\u00ea a sustentar o bom \u00e2nimo e a coragem.<br \/>\nEvite, enquanto se restabelece, a presen\u00e7a de pessoas pessimistas e<br \/>\ndesanimadas. S\u00f3 as busque quando estiver forte o bastante puder ajud\u00e1-las.<br \/>\nBusque um lugar calmo e eleve a Deus uma prece.<br \/>\nMas comece agradecendo pela vida, pelas oportunidades renovadas, pelos<br \/>\nobst\u00e1culos e desafios que surgem no caminho. Eles nos fazem mais forte<br \/>\nquando os superamos.<\/p>\n<p>Lembre-se: o dia de hoje \u00e9 uma p\u00e1gina em branco que o Criador lhe oferece<br \/>\npara que voc\u00ea escreva um novo cap\u00edtulo da sua hist\u00f3ria.<br \/>\nRecome\u00e7ar \u00e9 s\u00f3 uma quest\u00e3o de querer. Se voc\u00ea quer, Deus quer. \u00c9 por isso<br \/>\nque Ele acena sempre com essa nova chance chamada presente.<br \/>\nPense nisso e n\u00e3o perca nem mais um minuto!<\/p>\n<p>Reda\u00e7\u00e3o do Momento Esp\u00edrita<\/p>\n","protected":false},"excerpt":{"rendered":"<p>N\u00e3o importa onde voc\u00ea parou&#8230; em que momento da vida voc\u00ea se cansou&#8230; o que importa \u00e9 que sempre \u00e9 poss\u00edvel e necess\u00e1rio recome\u00e7ar. Recome\u00e7ar \u00e9 dar uma nova chance a si mesmo&#8230; \u00c9 renovar as esperan\u00e7as na vida e, o mais importante: acreditar em voc\u00ea novamente.<\/p>\n","protected":false},"author":2,"featured_media":862,"comment_status":"open","ping_status":"open","sticky":false,"template":"","format":"standard","meta":{"footnotes":""},"categories":[4],"tags":[],"class_list":["post-1564","post","type-post","status-publish","format-standard","has-post-thumbnail","hentry","category-reflexoes"],"_links":{"self":[{"href":"https:\/\/www.gruposamaritano.com.br\/ges\/wp-json\/wp\/v2\/posts\/1564","targetHints":{"allow":["GET"]}}],"collection":[{"href":"https:\/\/www.gruposamaritano.com.br\/ges\/wp-json\/wp\/v2\/posts"}],"about":[{"href":"https:\/\/www.gruposamaritano.com.br\/ges\/wp-json\/wp\/v2\/types\/post"}],"author":[{"embeddable":true,"href":"https:\/\/www.gruposamaritano.com.br\/ges\/wp-json\/wp\/v2\/users\/2"}],"replies":[{"embeddable":true,"href":"https:\/\/www.gruposamaritano.com.br\/ges\/wp-json\/wp\/v2\/comments?post=1564"}],"version-history":[{"count":0,"href":"https:\/\/www.gruposamaritano.com.br\/ges\/wp-json\/wp\/v2\/posts\/1564\/revisions"}],"wp:featuredmedia":[{"embeddable":true,"href":"https:\/\/www.gruposamaritano.com.br\/ges\/wp-json\/wp\/v2\/media\/862"}],"wp:attachment":[{"href":"https:\/\/www.gruposamaritano.com.br\/ges\/wp-json\/wp\/v2\/media?parent=1564"}],"wp:term":[{"taxonomy":"category","embeddable":true,"href":"https:\/\/www.gruposamaritano.com.br\/ges\/wp-json\/wp\/v2\/categories?post=1564"},{"taxonomy":"post_tag","embeddable":true,"href":"https:\/\/www.gruposamaritano.com.br\/ges\/wp-json\/wp\/v2\/tags?post=1564"}],"curies":[{"name":"wp","href":"https:\/\/api.w.org\/{rel}","templated":true}]}}