{"id":1551,"date":"2016-11-24T09:51:53","date_gmt":"2016-11-24T12:51:53","guid":{"rendered":"https:\/\/www.gruposamaritano.com.br\/ges\/?p=1551"},"modified":"2016-11-24T09:51:53","modified_gmt":"2016-11-24T12:51:53","slug":"maos-marcadas","status":"publish","type":"post","link":"https:\/\/www.gruposamaritano.com.br\/ges\/2016\/11\/maos-marcadas\/","title":{"rendered":"M\u00e3os marcadas&#8230;"},"content":{"rendered":"<p>Senhor!<br \/>\nQuando me deres<br \/>\nO privil\u00e9gio do renascimento<br \/>\nNo ber\u00e7\u00e1rio do mundo, ante as necessidades que apresento E aquelas que n\u00e3o<br \/>\nvejo, Eis, Senhor, o desejo Em que dia por dia me aprofundo:<br \/>\nDeixa-me renascer em qualquer parte,<br \/>\nEntretanto, que eu possa acompanhar-te<br \/>\nOnde constantemente continuas<br \/>\nTrabalhando e servindo em todas as estradas Para que eu tamb\u00e9m tenha as m\u00e3os<br \/>\nmarcadas Como trazes as tuas&#8230;<\/p>\n<p><!--more--><\/p>\n<p>Quanta ilus\u00e3o quando me debatia<br \/>\nCrendo que o desespero fosse prece,<br \/>\nA rogar-te alegria e esperan\u00e7a<br \/>\nSem que nada fizesse!<br \/>\nImitava na Terra o lavrador<br \/>\nA temer a pedra e lama, vento e bruma,<br \/>\nAguardando milagres de colheita<br \/>\nSem plantar coisa alguma.<br \/>\nEntretanto, Senhor, agora sei<br \/>\nQue o trabalho \u00e9 divino compromisso,<br \/>\nEst\u00edmulo do C\u00e9u guiando-nos os passos<br \/>\nE que, atendendo \u00e0 semelhante lei<br \/>\nPuseste ambas as m\u00e3os em nossos bra\u00e7os<br \/>\nPor estrelas de amor e de servi\u00e7o.<\/p>\n<p>Assim, quando efetues<br \/>\nAs esperan\u00e7as em que me agasalho<br \/>\nE estiver entre os homens, meus irm\u00e3os, Que eu me esque\u00e7a em trabalho E me<br \/>\nlembre das m\u00e3os&#8230;<\/p>\n<p>N\u00e3o me d\u00eas tempo para lastimar-me,<br \/>\nQue eu busque t\u00e3o-somente a luz que me acenas&#8230;<br \/>\nNo anseio de seguir-te<br \/>\nQuero o trabalho apenas.<\/p>\n<p>D\u00e1 que eu seja contigo, onde estiveres, Uma r\u00f3sea de paz&#8230; Que eu seja<br \/>\nalgu\u00e9m Sem destaque e sem nome Que se olvide no bem.<br \/>\nE se um dia uma cruz de provas e de agravos Reclamar-me a tarefa e o<br \/>\ncora\u00e7\u00e3o, N\u00e3o me largues ao susto a que me enleie, Ajuda-me a entregar as<br \/>\npr\u00f3prias m\u00e3os aos cravos Da incompreens\u00e3o que me rodeie, Entre b\u00ean\u00e7\u00e3os e f\u00e9<br \/>\ne preces de perd\u00e3o!<\/p>\n<p>N\u00e3o consintas que eu volte ao tempo morto Da ilus\u00e3o convertida em<br \/>\ndesconforto, D\u00e1-me os calos da paz nas tarefas do bem, A servir sem<br \/>\nperguntar a quem&#8230;<br \/>\nOuve, celeste amigo,<br \/>\nAspiro a estar contigo,<br \/>\nLonge de minhas horas desregradas,<br \/>\nOnde sempre estiveste e sempre continuas Plantando o amor em todas as<br \/>\nestradas, Para que eu tamb\u00e9m tenha as m\u00e3os marcadas Como trazes as tuas&#8230;<\/p>\n<p>Maria Dolores (Uberaba, 03 de Junho de 1972) <\/p>\n","protected":false},"excerpt":{"rendered":"<p>Senhor! Quando me deres O privil\u00e9gio do renascimento No ber\u00e7\u00e1rio do mundo, ante as necessidades que apresento E aquelas que n\u00e3o vejo, Eis, Senhor, o desejo Em que dia por dia me aprofundo: Deixa-me renascer em qualquer parte, Entretanto, que eu possa acompanhar-te Onde constantemente continuas Trabalhando e servindo em todas as [&hellip;]<\/p>\n","protected":false},"author":2,"featured_media":1552,"comment_status":"open","ping_status":"open","sticky":false,"template":"","format":"standard","meta":{"footnotes":""},"categories":[4],"tags":[],"class_list":["post-1551","post","type-post","status-publish","format-standard","has-post-thumbnail","hentry","category-reflexoes"],"_links":{"self":[{"href":"https:\/\/www.gruposamaritano.com.br\/ges\/wp-json\/wp\/v2\/posts\/1551","targetHints":{"allow":["GET"]}}],"collection":[{"href":"https:\/\/www.gruposamaritano.com.br\/ges\/wp-json\/wp\/v2\/posts"}],"about":[{"href":"https:\/\/www.gruposamaritano.com.br\/ges\/wp-json\/wp\/v2\/types\/post"}],"author":[{"embeddable":true,"href":"https:\/\/www.gruposamaritano.com.br\/ges\/wp-json\/wp\/v2\/users\/2"}],"replies":[{"embeddable":true,"href":"https:\/\/www.gruposamaritano.com.br\/ges\/wp-json\/wp\/v2\/comments?post=1551"}],"version-history":[{"count":0,"href":"https:\/\/www.gruposamaritano.com.br\/ges\/wp-json\/wp\/v2\/posts\/1551\/revisions"}],"wp:featuredmedia":[{"embeddable":true,"href":"https:\/\/www.gruposamaritano.com.br\/ges\/wp-json\/wp\/v2\/media\/1552"}],"wp:attachment":[{"href":"https:\/\/www.gruposamaritano.com.br\/ges\/wp-json\/wp\/v2\/media?parent=1551"}],"wp:term":[{"taxonomy":"category","embeddable":true,"href":"https:\/\/www.gruposamaritano.com.br\/ges\/wp-json\/wp\/v2\/categories?post=1551"},{"taxonomy":"post_tag","embeddable":true,"href":"https:\/\/www.gruposamaritano.com.br\/ges\/wp-json\/wp\/v2\/tags?post=1551"}],"curies":[{"name":"wp","href":"https:\/\/api.w.org\/{rel}","templated":true}]}}