{"id":1548,"date":"2016-11-22T13:26:34","date_gmt":"2016-11-22T16:26:34","guid":{"rendered":"https:\/\/www.gruposamaritano.com.br\/ges\/?p=1548"},"modified":"2016-11-22T13:26:34","modified_gmt":"2016-11-22T16:26:34","slug":"a-sabedoria-de-envelhecer","status":"publish","type":"post","link":"https:\/\/www.gruposamaritano.com.br\/ges\/2016\/11\/a-sabedoria-de-envelhecer\/","title":{"rendered":"A sabedoria de envelhecer&#8230;"},"content":{"rendered":"<p>Ele \u00e9 um homem com mais de 80 anos. Forte. Daqueles bons italianos.<\/p>\n<p>Um exemplo de saber envelhecer. Ele j\u00e1 se deu conta, h\u00e1 muito tempo, que o vigor da juventude o deixou.<\/p>\n<p>Mas, isso n\u00e3o quer dizer que se acomodou. Faz tudo o que o corpo ainda lhe permite.<\/p>\n<p>At\u00e9 h\u00e1 pouco tempo, dirigia seu carro e, em determinadas \u00e9pocas, tomava da esposa, dizia Int\u00e9 para os filhos e netos e sa\u00eda a viajar.<\/p>\n<p><!--more--><\/p>\n<p>De cada vez, um local diferente.<\/p>\n<p>Vamos conhecer tal lugar? &#8211; Perguntava para a esposa, cuja idade beira a dele.<\/p>\n<p>Quer dizer, perguntava por perguntar, porque a senhora, tamb\u00e9m disposta, sempre concordava.<\/p>\n<p>Fechavam o apartamento e l\u00e1 iam para uma est\u00e2ncia, uma esta\u00e7\u00e3o de \u00e1guas, um hotel fazenda.<\/p>\n<p>H\u00e1 pouco, completaram suas bodas de ouro e os filhos promoveram uma grande festa.<\/p>\n<p>Ele compareceu no mais belo e alinhado terno, bigodes aparados, cabelo branco bem penteado e a seriedade, disfar\u00e7ando a emo\u00e7\u00e3o.<\/p>\n<p>Ela, num lindo vestido longo, azul turquesa, encantando os olhos dele, como se fossem os anos primeiros de conviv\u00eancia.<\/p>\n<p>Recentemente, amigos de Ideal Esp\u00edrita decidiram por prestar-lhe homenagem, pelos anos de dedica\u00e7\u00e3o \u00e0 causa. Pelo seu pioneirismo, al\u00e7ando a bandeira da Doutrina Esp\u00edrita em terras onde apenas despontava, t\u00edmida.<\/p>\n<p>De imediato, sua mem\u00f3ria e sua \u00e9tica foram ativadas.<\/p>\n<p>Por que eu? Antes de mim, houve quem fizesse muito mais do que eu. E melhor.<\/p>\n<p>E recordou do amigo, por cujas m\u00e3os conheceu a Doutrina Esp\u00edrita. E esteve presente para a entrega da homenagem. Naturalmente, ele tamb\u00e9m foi homenageado.<\/p>\n<p>Emocionado, agradeceu, dizendo n\u00e3o merecer porque, dizia, da Doutrina Esp\u00edrita recebera o melhor. Ele era, portanto, um devedor.<\/p>\n<p>E, incentivou \u00e0 juventude, aos atuais trabalhadores a continuarem no bendito labor da divulga\u00e7\u00e3o, espalhando luzes, aclarando mentes e cora\u00e7\u00f5es.<\/p>\n<p>Comoveu a todos.<\/p>\n<p>Simples, embora detentor de consider\u00e1vel patrim\u00f4nio e posses, abra\u00e7a com vigor os amigos.<\/p>\n<p>Faz quest\u00e3o de um bom papo, embora a dificuldade, por vezes, para ouvir.<br \/>\nMas, ele ajusta o seu aparelho para a surdez e participa.<\/p>\n<p>N\u00e3o tem vergonha de tornar a perguntar, quando n\u00e3o entende.<\/p>\n<p>S\u00e1bio, n\u00e3o fala se n\u00e3o tem certeza de ter bem entendido a pergunta.<\/p>\n<p>Sabe calar-se quando muitos falam ao mesmo tempo, dificultando-lhe a capta\u00e7\u00e3o das palavras.<\/p>\n<p>Ainda guarda um ar de maroto, por vezes, mostrando que o vi\u00e7o infantil n\u00e3o<br \/>\nmorreu em sua intimidade.<\/p>\n<p>Assim, outro dia, em pleno caf\u00e9 da manh\u00e3 com amigos, quando todos j\u00e1 haviam terminado a refei\u00e7\u00e3o e se entretinham \u00e0 mesa, conversando, ele tomou de uma faca e a introduziu no pote de doce de leite.<\/p>\n<p>Trouxe-a com a ponta carregada do precioso doce. Olhou para a esposa, exatamente como crian\u00e7a que sabe que o que vai fazer est\u00e1 errado, e lambeu-a, com prazer.<\/p>\n<p>Todos riram. Ele tamb\u00e9m. Havia acabado de fazer uma peraltice bem pr\u00f3pria de crian\u00e7a.<\/p>\n<p>Mas, afinal, quando envelhecemos com sabedoria, somos assim.<\/p>\n<p>Maduros no agir, jovens no pensar, crian\u00e7as para o prazer de viver intensamente cada dia.<\/p>\n<p>* * *<\/p>\n<p>Pessoas fr\u00edvolas, que somente valorizam o exterior, temem envelhecer.<\/p>\n<p>Pessoas ponderadas envelhecem sorrindo. Sabem que o vigor da juventude \u00e9 passageiro e aproveitam a madureza dos anos para semear sabedoria e colher venturas.<\/p>\n<p>Venturas por ter educado filhos para o bem e para o amor. Por ter cultivado o afeto no matrim\u00f4nio. Por ter constru\u00eddo amizades s\u00f3lidas, independentes de idade, ra\u00e7a, cor, n\u00edvel social.<\/p>\n<p>Aprendamos com quem sabe envelhecer!<\/p>\n","protected":false},"excerpt":{"rendered":"<p>Ele \u00e9 um homem com mais de 80 anos. Forte. Daqueles bons italianos. Um exemplo de saber envelhecer. Ele j\u00e1 se deu conta, h\u00e1 muito tempo, que o vigor da juventude o deixou. Mas, isso n\u00e3o quer dizer que se acomodou. Faz tudo o que o corpo ainda lhe permite. At\u00e9 h\u00e1 [&hellip;]<\/p>\n","protected":false},"author":2,"featured_media":1053,"comment_status":"open","ping_status":"open","sticky":false,"template":"","format":"standard","meta":{"footnotes":""},"categories":[3],"tags":[],"class_list":["post-1548","post","type-post","status-publish","format-standard","has-post-thumbnail","hentry","category-informacoes"],"_links":{"self":[{"href":"https:\/\/www.gruposamaritano.com.br\/ges\/wp-json\/wp\/v2\/posts\/1548","targetHints":{"allow":["GET"]}}],"collection":[{"href":"https:\/\/www.gruposamaritano.com.br\/ges\/wp-json\/wp\/v2\/posts"}],"about":[{"href":"https:\/\/www.gruposamaritano.com.br\/ges\/wp-json\/wp\/v2\/types\/post"}],"author":[{"embeddable":true,"href":"https:\/\/www.gruposamaritano.com.br\/ges\/wp-json\/wp\/v2\/users\/2"}],"replies":[{"embeddable":true,"href":"https:\/\/www.gruposamaritano.com.br\/ges\/wp-json\/wp\/v2\/comments?post=1548"}],"version-history":[{"count":0,"href":"https:\/\/www.gruposamaritano.com.br\/ges\/wp-json\/wp\/v2\/posts\/1548\/revisions"}],"wp:featuredmedia":[{"embeddable":true,"href":"https:\/\/www.gruposamaritano.com.br\/ges\/wp-json\/wp\/v2\/media\/1053"}],"wp:attachment":[{"href":"https:\/\/www.gruposamaritano.com.br\/ges\/wp-json\/wp\/v2\/media?parent=1548"}],"wp:term":[{"taxonomy":"category","embeddable":true,"href":"https:\/\/www.gruposamaritano.com.br\/ges\/wp-json\/wp\/v2\/categories?post=1548"},{"taxonomy":"post_tag","embeddable":true,"href":"https:\/\/www.gruposamaritano.com.br\/ges\/wp-json\/wp\/v2\/tags?post=1548"}],"curies":[{"name":"wp","href":"https:\/\/api.w.org\/{rel}","templated":true}]}}