{"id":1534,"date":"2016-11-14T18:14:10","date_gmt":"2016-11-14T21:14:10","guid":{"rendered":"https:\/\/www.gruposamaritano.com.br\/ges\/?p=1534"},"modified":"2016-11-14T18:24:02","modified_gmt":"2016-11-14T21:24:02","slug":"a-saudade","status":"publish","type":"post","link":"https:\/\/www.gruposamaritano.com.br\/ges\/2016\/11\/a-saudade\/","title":{"rendered":"A Saudade&#8230;"},"content":{"rendered":"<p>Vencido pela profunda ang\u00fastia da minha m\u00e1goa, despertei quando o jovem rosto da manh\u00e3 adornado de luz e o mar de nuvens viajeiras, me convidaram para o banquete do dia.<\/p>\n<p>Levantei e percebi que n\u00e3o fora um pesadelo&#8230; A presen\u00e7a da sua aus\u00eancia era a mais pura e triste realidade&#8230;<\/p>\n<p><!--more--><\/p>\n<p>N\u00e3o sei dizer ao certo se \u00e9 a presen\u00e7a da aus\u00eancia ou a aus\u00eancia da presen\u00e7a ou, talvez seja, simplesmente, saudade&#8230;<\/p>\n<p>L\u00e1 fora tudo respirava perfume e os bra\u00e7os do vento, carregando o p\u00f3len da vida, cantavam nos ramos do arvoredo delicada can\u00e7\u00e3o&#8230;<\/p>\n<p>Sa\u00ed a correr, tentando fugir da furna escura dos meus padecimentos.<\/p>\n<p>A presen\u00e7a invis\u00edvel do bem-amado fazia-me arder em febre de ansiedade, enquanto os p\u00e9s ligeiros das horas corriam \u00e0 frente impondo-me fadiga e desconforto&#8230;<\/p>\n<p>Embriagado pela saudade, meu ser ansiava pela paz&#8230;<\/p>\n<p>Em v\u00e3o tentei exaurir as for\u00e7as para livrar-me da dor, mas n\u00e3o lograva libertar-me do punhal da melancolia cravado no cora\u00e7\u00e3o, e da lembran\u00e7a da sua aus\u00eancia&#8230;<\/p>\n<p>Quando, enfim, a tarde se escondeu no longe das montanhas altaneiras, outra vez tombei em mim mesmo, extenuado e s\u00f3&#8230;<\/p>\n<p>Naquele momento desejei que o Todo Poderoso me dominasse com os fortes recursos da Soberana Miseric\u00f3rdia, livrando-me de mim mesmo&#8230;<\/p>\n<p>Parecia que n\u00e3o mais suportaria o espinho da saudade cravado em meu peito, j\u00e1 dolorido e exausto&#8230;<\/p>\n<p>A aus\u00eancia da sua presen\u00e7a queimava as fibras mais sutis da minha alma.<\/p>\n<p>E a presen\u00e7a da sua aus\u00eancia feria-me o cora\u00e7\u00e3o dilacerado e s\u00f3&#8230;<\/p>\n<p>A noite devorou o dia e, ao escancarar a sua boca negra, mostrou a primeira estrela engastada no manto escuro, vencendo as sombras&#8230;<\/p>\n<p>Minutos depois, mir\u00edades de astros brilhantes compuseram o diadema da vit\u00f3ria total da luz&#8230;<\/p>\n<p>S\u00f3 ent\u00e3o, solit\u00e1rio e meditativo, compreendi como a minha can\u00e7\u00e3o de dor chegara ao ouvidos do Criador, que me respondeu em vibra\u00e7\u00f5es fulgurantes de esperan\u00e7as \u00e0 dist\u00e2ncia&#8230;<\/p>\n<p>S\u00f3 ent\u00e3o compreendi que n\u00e3o h\u00e1 escurid\u00e3o que resista a um simples raio de luz, e decidi acender a chama da esperan\u00e7a em minha alma.<\/p>\n<p>E, s\u00f3 ent\u00e3o, pude ouvir o Sublime Cancioneiro do sil\u00eancio e Suas melodias repletas de sons e paz, convidando-me a confiar em Seu infinito poder e entregar-me aos bra\u00e7os suaves da esperan\u00e7a&#8230;<\/p>\n<p>* * *<\/p>\n<p>Se o manto escuro da saudade pesa sobre os seus ombros, ilumine-se com as p\u00e9rolas da ora\u00e7\u00e3o sincera em favor do bem-amado que partiu.<\/p>\n<p>Preencha a aus\u00eancia da presen\u00e7a com a lembran\u00e7a dos momentos compartilhados nas horas alegres, e confie no reencontro feliz.<\/p>\n<p>Reda\u00e7\u00e3o do Momento Esp\u00edrita<\/p>\n","protected":false},"excerpt":{"rendered":"<p>Vencido pela profunda ang\u00fastia da minha m\u00e1goa, despertei quando o jovem rosto da manh\u00e3 adornado de luz e o mar de nuvens viajeiras, me convidaram para o banquete do dia. Levantei e percebi que n\u00e3o fora um pesadelo&#8230; A presen\u00e7a da sua aus\u00eancia era a mais pura e triste realidade&#8230;<\/p>\n","protected":false},"author":2,"featured_media":874,"comment_status":"open","ping_status":"open","sticky":false,"template":"","format":"standard","meta":{"footnotes":""},"categories":[4],"tags":[],"class_list":["post-1534","post","type-post","status-publish","format-standard","has-post-thumbnail","hentry","category-reflexoes"],"_links":{"self":[{"href":"https:\/\/www.gruposamaritano.com.br\/ges\/wp-json\/wp\/v2\/posts\/1534","targetHints":{"allow":["GET"]}}],"collection":[{"href":"https:\/\/www.gruposamaritano.com.br\/ges\/wp-json\/wp\/v2\/posts"}],"about":[{"href":"https:\/\/www.gruposamaritano.com.br\/ges\/wp-json\/wp\/v2\/types\/post"}],"author":[{"embeddable":true,"href":"https:\/\/www.gruposamaritano.com.br\/ges\/wp-json\/wp\/v2\/users\/2"}],"replies":[{"embeddable":true,"href":"https:\/\/www.gruposamaritano.com.br\/ges\/wp-json\/wp\/v2\/comments?post=1534"}],"version-history":[{"count":0,"href":"https:\/\/www.gruposamaritano.com.br\/ges\/wp-json\/wp\/v2\/posts\/1534\/revisions"}],"wp:featuredmedia":[{"embeddable":true,"href":"https:\/\/www.gruposamaritano.com.br\/ges\/wp-json\/wp\/v2\/media\/874"}],"wp:attachment":[{"href":"https:\/\/www.gruposamaritano.com.br\/ges\/wp-json\/wp\/v2\/media?parent=1534"}],"wp:term":[{"taxonomy":"category","embeddable":true,"href":"https:\/\/www.gruposamaritano.com.br\/ges\/wp-json\/wp\/v2\/categories?post=1534"},{"taxonomy":"post_tag","embeddable":true,"href":"https:\/\/www.gruposamaritano.com.br\/ges\/wp-json\/wp\/v2\/tags?post=1534"}],"curies":[{"name":"wp","href":"https:\/\/api.w.org\/{rel}","templated":true}]}}