{"id":1531,"date":"2016-11-11T21:04:35","date_gmt":"2016-11-12T00:04:35","guid":{"rendered":"https:\/\/www.gruposamaritano.com.br\/ges\/?p=1531"},"modified":"2016-11-11T21:05:29","modified_gmt":"2016-11-12T00:05:29","slug":"quando-tudo-da-errado","status":"publish","type":"post","link":"https:\/\/www.gruposamaritano.com.br\/ges\/2016\/11\/quando-tudo-da-errado\/","title":{"rendered":"QUANDO TUDO DA ERRADO&#8230;"},"content":{"rendered":"<p>O que se faz naquele dia em que tudo parece dar errado?<br \/>\nH\u00e1 quem diga: Levantei com o p\u00e9 esquerdo.<br \/>\nEntende-se que quem assim fala, acredita que um p\u00e9 \u00e9 mais valioso do que outro.<br \/>\nEsquece-se de que ambos os p\u00e9s s\u00e3o preciosos, pois que a base sobre a qual recai o peso do corpo, sustentado pelas pernas.<br \/>\n<!--more--><\/p>\n<p>De toda forma, nesse dia em que tudo deve dar errado, porque come\u00e7ou errado, o que fazer?<br \/>\nPrimeiro: repelir a ideia de uma persegui\u00e7\u00e3o de Deus aos Seus filhos.<br \/>\nAs coisas n\u00e3o d\u00e3o errado porque Deus quer.<br \/>\nD\u00e3o errado porque n\u00f3s, os Seus filhos, agimos errado.<br \/>\nVejamos. Voc\u00ea levantou pela manh\u00e3 atrasado? De quem \u00e9 a culpa?<br \/>\nN\u00e3o \u00e9 do despertador, que n\u00e3o soou o alarme, ou soou mais tarde.<br \/>\nA quest\u00e3o \u00e9 sua, porque quem programa as fun\u00e7\u00f5es do aparelho \u00e9 voc\u00ea.<br \/>\nPortanto, n\u00e3o h\u00e1 porque se zangar. O que acontece, em seguida, para o melhor ou para o pior, \u00e9 sua decis\u00e3o.<br \/>\nVoc\u00ea pode levantar de um pulo, p\u00f4r-se em p\u00e9, sair \u00e0s tontas do quarto e&#8230;<br \/>\nse bater na porta, em um m\u00f3vel.<br \/>\nPensasse que nada traria de volta os minutos passados, levantaria com calma e faria tudo com mais vagar.<br \/>\nQuando voc\u00ea est\u00e1 com pressa e tenta fazer v\u00e1rias coisas ao mesmo tempo, tem muita probabilidade de algo desagrad\u00e1vel acontecer.<br \/>\nO leite transborda, sujando o fog\u00e3o, voc\u00ea se corta ao fazer a barba, o bot\u00e3o da camisa cai, pela viol\u00eancia que voc\u00ea usa, tentando aboto\u00e1-lo.<br \/>\nEnfim, a lista \u00e9 quase intermin\u00e1vel. E a culpa, com certeza, n\u00e3o \u00e9 de Deus.<br \/>\nFa\u00e7a tudo com calma. O carro n\u00e3o d\u00e1 partida?<br \/>\nVerifique o porqu\u00ea e resolva, se poss\u00edvel, sem se estressar.<br \/>\nPerdeu o hor\u00e1rio do \u00f4nibus?<br \/>\nLembre que a sua ansiedade ou a sua irrita\u00e7\u00e3o n\u00e3o far\u00e1 o pr\u00f3ximo se adiantar. Espere.<br \/>\nSe preciso, avise seu superior, sua chefia, seu cliente, do atraso.<br \/>\nSe perder\u00e1 uma aula, uma prova, j\u00e1 perdeu. De que adianta gritar, se zangar?<br \/>\nNada trar\u00e1 de volta os minutos perdidos.<br \/>\nA palavra j\u00e1 diz: perdidos.<br \/>\nO tr\u00e2nsito est\u00e1 congestionado? N\u00e3o fa\u00e7a tolices, n\u00e3o viole as regras do bom<br \/>\nmotorista.<br \/>\nTenha sempre \u00e0 m\u00e3o um livro, uma revista e aproveite o tempo.<br \/>\nA chuva o surpreendeu no caminho? Aguarde um pouco. Tudo passa. A chuva tamb\u00e9m passa.<br \/>\nAguardar um pouco n\u00e3o lhe deve causar maior preocupa\u00e7\u00e3o.<br \/>\nEnfim, em tudo seja respons\u00e1vel e pense que em suas m\u00e3os est\u00e1 permitir que tudo ande nos eixos, ou n\u00e3o ande.<br \/>\nTudo se resolva, a pouco e pouco, ou n\u00e3o.<br \/>\nPor fim, pense: n\u00e3o vale a pena perder minutos preciosos da vida por estresse, irrita\u00e7\u00e3o ou impaci\u00eancia.<br \/>\nDeus quer a sua felicidade. Colabore com Ele nesta conquista.<\/p>\n<p>* * *<\/p>\n<p>Tudo no Universo traduz harmonia, precis\u00e3o. Os planetas obedecem \u00e0s suas trajet\u00f3rias e cada qual se enquadra, na linha do dever que lhe \u00e9 pr\u00f3pria.<br \/>\nOs astros giram, as estrelas lan\u00e7am sua luz ao espa\u00e7o. Tudo obedece ao Grande Pai de todos n\u00f3s.<br \/>\nN\u00e3o sejamos diferentes. Harmonizemo-nos.<br \/>\nColaboremos com nossa pr\u00f3pria felicidade.<br \/>\nE pensemos a cada dia: Hoje tudo vai dar certo. Perfeitamente certo.<br \/>\nEu farei o poss\u00edvel para tudo acontecer acertadamente.<\/p>\n<p>Reda\u00e7\u00e3o do Momento Esp\u00edrita.<\/p>\n","protected":false},"excerpt":{"rendered":"<p>O que se faz naquele dia em que tudo parece dar errado? H\u00e1 quem diga: Levantei com o p\u00e9 esquerdo. Entende-se que quem assim fala, acredita que um p\u00e9 \u00e9 mais valioso do que outro. Esquece-se de que ambos os p\u00e9s s\u00e3o preciosos, pois que a base sobre a qual recai o [&hellip;]<\/p>\n","protected":false},"author":2,"featured_media":656,"comment_status":"open","ping_status":"open","sticky":false,"template":"","format":"standard","meta":{"footnotes":""},"categories":[4],"tags":[],"class_list":["post-1531","post","type-post","status-publish","format-standard","has-post-thumbnail","hentry","category-reflexoes"],"_links":{"self":[{"href":"https:\/\/www.gruposamaritano.com.br\/ges\/wp-json\/wp\/v2\/posts\/1531","targetHints":{"allow":["GET"]}}],"collection":[{"href":"https:\/\/www.gruposamaritano.com.br\/ges\/wp-json\/wp\/v2\/posts"}],"about":[{"href":"https:\/\/www.gruposamaritano.com.br\/ges\/wp-json\/wp\/v2\/types\/post"}],"author":[{"embeddable":true,"href":"https:\/\/www.gruposamaritano.com.br\/ges\/wp-json\/wp\/v2\/users\/2"}],"replies":[{"embeddable":true,"href":"https:\/\/www.gruposamaritano.com.br\/ges\/wp-json\/wp\/v2\/comments?post=1531"}],"version-history":[{"count":0,"href":"https:\/\/www.gruposamaritano.com.br\/ges\/wp-json\/wp\/v2\/posts\/1531\/revisions"}],"wp:featuredmedia":[{"embeddable":true,"href":"https:\/\/www.gruposamaritano.com.br\/ges\/wp-json\/wp\/v2\/media\/656"}],"wp:attachment":[{"href":"https:\/\/www.gruposamaritano.com.br\/ges\/wp-json\/wp\/v2\/media?parent=1531"}],"wp:term":[{"taxonomy":"category","embeddable":true,"href":"https:\/\/www.gruposamaritano.com.br\/ges\/wp-json\/wp\/v2\/categories?post=1531"},{"taxonomy":"post_tag","embeddable":true,"href":"https:\/\/www.gruposamaritano.com.br\/ges\/wp-json\/wp\/v2\/tags?post=1531"}],"curies":[{"name":"wp","href":"https:\/\/api.w.org\/{rel}","templated":true}]}}