{"id":1527,"date":"2016-11-11T20:40:39","date_gmt":"2016-11-11T23:40:39","guid":{"rendered":"https:\/\/www.gruposamaritano.com.br\/ges\/?p=1527"},"modified":"2016-11-11T20:46:46","modified_gmt":"2016-11-11T23:46:46","slug":"nada","status":"publish","type":"post","link":"https:\/\/www.gruposamaritano.com.br\/ges\/2016\/11\/nada\/","title":{"rendered":"Nada&#8230;"},"content":{"rendered":"<p>Como \u00e9 horr\u00edvel a ideia do nada! Quanto deve se lamentar aqueles que creem que a voz do amigo que chora seu amigo se perde no vazio e n\u00e3o encontra nenhum eco para lhe responder! Jamais conheceram as puras e santas afei\u00e7\u00f5es, aqueles que pensam que tudo morre com o corpo; que o g\u00eanio que iluminou o mundo com sua vasta intelig\u00eancia \u00e9 um jogo da mat\u00e9ria que se extingue para sempre, como um sopro; que do ser mais querido, de um pai, de uma m\u00e3e ou de um filho adorado, n\u00e3o resta sen\u00e3o um pouco de p\u00f3 que o tempo dissipa para sempre!&#8221;<\/p>\n<p><!--more--><\/p>\n<p>(Allan Kardec)<\/p>\n<p>A morte n\u00e3o \u00e9 nada.<br \/>\nEu apenas passei para o outro lado:<br \/>\n\u00c9 como se estivesse escondido no quarto ao lado.<br \/>\nEu sou sempre eu, e tu \u00e9s sempre tu.<br \/>\nO que \u00e9ramos antes um para o outro ainda somos.<br \/>\nLiga-me com o nome que voc\u00ea sempre me deu, que te \u00e9 familiar; Fala-me da mesma forma carinhosa que tens usado sempre.<br \/>\nN\u00e3o mude teu tom de voz, n\u00e3o assuma um ar solene ou triste.<br \/>\nContinua a rir daquilo que nos fazia rir, Daquelas pequenas coisas que tanto gost\u00e1vamos, quando est\u00e1vamos juntos.<br \/>\nReza, sorri, pensa em mim!<br \/>\nQue o meu nome seja sempre uma palavra familiar&#8230;<br \/>\nDiga-o sem o m\u00ednimo tra\u00e7o de sombra ou de tristeza.<br \/>\nA nossa vida conserva todo o significado que sempre teve:<br \/>\n\u00c9 a mesma de antes, h\u00e1 uma continuidade que n\u00e3o se quebra.<br \/>\nPor que eu deveria estar fora dos teus pensamentos e da tua mente, apenas porque estou fora da tua vista?<br \/>\nN\u00e3o estou longe, estou do outro lado, na mesma esquina.<br \/>\nFica tranquilo, est\u00e1 tudo bem.<br \/>\nVou levar o meu cora\u00e7\u00e3o,<br \/>\nDa\u00ed achar\u00e1s a ternura purificada.<br \/>\nSeca as tuas l\u00e1grimas e se me amas, n\u00e3o chores mais, o teu sorriso \u00e9 a minha paz&#8221;<\/p>\n<p>(Henry Scott Holland)<\/p>\n","protected":false},"excerpt":{"rendered":"<p>Como \u00e9 horr\u00edvel a ideia do nada! Quanto deve se lamentar aqueles que creem que a voz do amigo que chora seu amigo se perde no vazio e n\u00e3o encontra nenhum eco para lhe responder! Jamais conheceram as puras e santas afei\u00e7\u00f5es, aqueles que pensam que tudo morre com o corpo; que [&hellip;]<\/p>\n","protected":false},"author":2,"featured_media":837,"comment_status":"open","ping_status":"open","sticky":false,"template":"","format":"standard","meta":{"footnotes":""},"categories":[4],"tags":[],"class_list":["post-1527","post","type-post","status-publish","format-standard","has-post-thumbnail","hentry","category-reflexoes"],"_links":{"self":[{"href":"https:\/\/www.gruposamaritano.com.br\/ges\/wp-json\/wp\/v2\/posts\/1527","targetHints":{"allow":["GET"]}}],"collection":[{"href":"https:\/\/www.gruposamaritano.com.br\/ges\/wp-json\/wp\/v2\/posts"}],"about":[{"href":"https:\/\/www.gruposamaritano.com.br\/ges\/wp-json\/wp\/v2\/types\/post"}],"author":[{"embeddable":true,"href":"https:\/\/www.gruposamaritano.com.br\/ges\/wp-json\/wp\/v2\/users\/2"}],"replies":[{"embeddable":true,"href":"https:\/\/www.gruposamaritano.com.br\/ges\/wp-json\/wp\/v2\/comments?post=1527"}],"version-history":[{"count":0,"href":"https:\/\/www.gruposamaritano.com.br\/ges\/wp-json\/wp\/v2\/posts\/1527\/revisions"}],"wp:featuredmedia":[{"embeddable":true,"href":"https:\/\/www.gruposamaritano.com.br\/ges\/wp-json\/wp\/v2\/media\/837"}],"wp:attachment":[{"href":"https:\/\/www.gruposamaritano.com.br\/ges\/wp-json\/wp\/v2\/media?parent=1527"}],"wp:term":[{"taxonomy":"category","embeddable":true,"href":"https:\/\/www.gruposamaritano.com.br\/ges\/wp-json\/wp\/v2\/categories?post=1527"},{"taxonomy":"post_tag","embeddable":true,"href":"https:\/\/www.gruposamaritano.com.br\/ges\/wp-json\/wp\/v2\/tags?post=1527"}],"curies":[{"name":"wp","href":"https:\/\/api.w.org\/{rel}","templated":true}]}}