{"id":1515,"date":"2016-11-03T21:44:41","date_gmt":"2016-11-04T00:44:41","guid":{"rendered":"https:\/\/www.gruposamaritano.com.br\/ges\/?p=1515"},"modified":"2016-11-03T21:47:35","modified_gmt":"2016-11-04T00:47:35","slug":"aprendi","status":"publish","type":"post","link":"https:\/\/www.gruposamaritano.com.br\/ges\/2016\/11\/aprendi\/","title":{"rendered":"Aprendi&#8230;"},"content":{"rendered":"<p>Aprendi que, por pior que seja um problema ou uma situa\u00e7\u00e3o, sempre existe<br \/>\numa sa\u00edda.<\/p>\n<p>Aprendi que \u00e9 bobagem fugir das dificuldades.<br \/>\nMais cedo ou mais tarde,<br \/>\nser\u00e1 preciso tirar as pedras<br \/>\ndo caminho para conseguir avan\u00e7ar.<\/p>\n<p><!--more-->Aprendi que, perdemos tempo nos<br \/>\npreocupando com fatos que<br \/>\nmuitas vezes s\u00f3 existem na nossa mente.<\/p>\n<p>Aprendi que, \u00e9 necess\u00e1rio um dia de chuva, para darmos valor ao Sol.<br \/>\nMas se ficarmos expostos muito tempo, o Sol queima.<\/p>\n<p>Aprendi que , her\u00f3is n\u00e3o s\u00e3o aqueles<br \/>\nque realizaram obras not\u00e1veis.<br \/>\nMas os que fizeram o que foi necess\u00e1rio , assumiram as consequ\u00eancias dos<br \/>\nseus atos.<\/p>\n<p>Aprendi que, n\u00e3o vale a pena se tornar<br \/>\nindiferente ao mundo e \u00e0s pessoas.<br \/>\nVale menos a pena, ainda, fazer coisas para conquistar migalhas de aten\u00e7\u00e3o.<\/p>\n<p>Aprendi que, n\u00e3o importa em quantos peda\u00e7os meu cora\u00e7\u00e3o j\u00e1 foi partido.<br \/>\nO mundo nunca parou para que eu pudesse consert\u00e1-lo.<\/p>\n<p>Aprendi que, ao inv\u00e9s de ficar esperando algu\u00e9m me trazer flores, \u00e9 melhor<br \/>\nplantar um jardim.<\/p>\n<p>Aprendi que, amar n\u00e3o significa transferir aos outros a responsabilidade de<br \/>\nme fazer feliz. Cabe a mim a tarefa de apostar nos meus talentos e realizar<br \/>\nos meus sonhos.<\/p>\n<p>Aprendi que, o que faz diferen\u00e7a<br \/>\nn\u00e3o \u00e9 o que tenho na vida, mas QUEM eu tenho.<br \/>\nE que, boa fam\u00edlia s\u00e3o os amigos que escolhi.<\/p>\n<p>Aprendi que, as pessoas mais queridas<br \/>\npodem \u00e0s vezes me ferir.<br \/>\nE talvez n\u00e3o me amem tanto<br \/>\nquanto eu gostaria, o que n\u00e3o significa<br \/>\nque n\u00e3o me amem muito,<br \/>\ntalvez seja o Maximo que conseguem.<br \/>\nIsso \u00e9 o mais importante.<\/p>\n<p>Aprendi que, toda mudan\u00e7a inicia<br \/>\num ciclo de constru\u00e7\u00e3o,<br \/>\nse voc\u00ea n\u00e3o esquecer de<br \/>\ndeixar a porta aberta.<br \/>\nAprendi que o tempo \u00e9 muito<br \/>\nprecioso e n\u00e3o volta atr\u00e1s.<br \/>\nPor isso, n\u00e3o vale a pena resgatar o passado.<br \/>\nO que vale a pena e construir o futuro.<\/p>\n<p>O meu futuro ainda est\u00e1 por vir.<br \/>\nFoi ent\u00e3o que aprendi que<br \/>\ndevemos descruzar os bra\u00e7os e vencer o medo de partir em busca dos nossos<br \/>\nsonhos.<\/p>\n<p>Autor desconhecido<\/p>\n","protected":false},"excerpt":{"rendered":"<p>Aprendi que, por pior que seja um problema ou uma situa\u00e7\u00e3o, sempre existe uma sa\u00edda. Aprendi que \u00e9 bobagem fugir das dificuldades. Mais cedo ou mais tarde, ser\u00e1 preciso tirar as pedras do caminho para conseguir avan\u00e7ar.<\/p>\n","protected":false},"author":2,"featured_media":1516,"comment_status":"open","ping_status":"open","sticky":false,"template":"","format":"standard","meta":{"footnotes":""},"categories":[4],"tags":[],"class_list":["post-1515","post","type-post","status-publish","format-standard","has-post-thumbnail","hentry","category-reflexoes"],"_links":{"self":[{"href":"https:\/\/www.gruposamaritano.com.br\/ges\/wp-json\/wp\/v2\/posts\/1515","targetHints":{"allow":["GET"]}}],"collection":[{"href":"https:\/\/www.gruposamaritano.com.br\/ges\/wp-json\/wp\/v2\/posts"}],"about":[{"href":"https:\/\/www.gruposamaritano.com.br\/ges\/wp-json\/wp\/v2\/types\/post"}],"author":[{"embeddable":true,"href":"https:\/\/www.gruposamaritano.com.br\/ges\/wp-json\/wp\/v2\/users\/2"}],"replies":[{"embeddable":true,"href":"https:\/\/www.gruposamaritano.com.br\/ges\/wp-json\/wp\/v2\/comments?post=1515"}],"version-history":[{"count":0,"href":"https:\/\/www.gruposamaritano.com.br\/ges\/wp-json\/wp\/v2\/posts\/1515\/revisions"}],"wp:featuredmedia":[{"embeddable":true,"href":"https:\/\/www.gruposamaritano.com.br\/ges\/wp-json\/wp\/v2\/media\/1516"}],"wp:attachment":[{"href":"https:\/\/www.gruposamaritano.com.br\/ges\/wp-json\/wp\/v2\/media?parent=1515"}],"wp:term":[{"taxonomy":"category","embeddable":true,"href":"https:\/\/www.gruposamaritano.com.br\/ges\/wp-json\/wp\/v2\/categories?post=1515"},{"taxonomy":"post_tag","embeddable":true,"href":"https:\/\/www.gruposamaritano.com.br\/ges\/wp-json\/wp\/v2\/tags?post=1515"}],"curies":[{"name":"wp","href":"https:\/\/api.w.org\/{rel}","templated":true}]}}