{"id":1510,"date":"2016-10-27T09:47:35","date_gmt":"2016-10-27T12:47:35","guid":{"rendered":"https:\/\/www.gruposamaritano.com.br\/ges\/?p=1510"},"modified":"2016-10-27T09:47:35","modified_gmt":"2016-10-27T12:47:35","slug":"eu-nunca-vos-deixareis-orfaos","status":"publish","type":"post","link":"https:\/\/www.gruposamaritano.com.br\/ges\/2016\/10\/eu-nunca-vos-deixareis-orfaos\/","title":{"rendered":"Eu nunca vos deixareis \u00f3rf\u00e3os&#8230;"},"content":{"rendered":"<p>\u201cEu nunca vos deixareis \u00f3rf\u00e3os, eu ficarei convosco at\u00e9 a consuma\u00e7\u00e3o dos evos.<br \/>\nQuando qualquer dificuldade estiver ao vosso alcance pensai em mim e eu estarei convosco\u201d.<br \/>\nTranscorreram dois mil anos e nesses dois mil anos em que o mundo se convulsionou in\u00fameras vezes, algo diferente hoje desenha-se no alicerce das almas: a presen\u00e7a do amor de Deus.<\/p>\n<p><!--more--><\/p>\n<p>\u00c9 necess\u00e1rio que tenhamos o sentimento profundo de compaix\u00e3o para podermos entender a dor de quem chora.<br \/>\nH\u00e1 muito sofrimento ao nosso lado esperando a m\u00e3o amiga, e n\u00f3s nos encontramos na Terra para servir.<\/p>\n<p>Quem n\u00e3o se dedica a servir ainda n\u00e3o aprendeu a viver.<br \/>\nO servi\u00e7o \u00e9 a b\u00ean\u00e7\u00e3o de Deus demonstrando o sentido existencial.<br \/>\nFazei o bem, filhos e filhas da alma, al\u00e9m do vosso alcance.<br \/>\nNunca vos arrependereis de terdes erguido um combalido, saciado a sede ou alimentado algu\u00e9m esfaimado.<\/p>\n<p>Exultai pela honra, pela gl\u00f3ria de crer e esse crer deve constituir a diretriz da vossa exist\u00eancia.<br \/>\nEmbrulhai-vos na l\u00e3 do cordeiro de Deus e sede mansos e pac\u00edficos.<br \/>\nDias vir\u00e3o em que o lobo e a ovelha comer\u00e3o ao lado no mesmo pasto.<br \/>\nDias est\u00e3o chegando em que o amor e a solidariedade diluir\u00e3o a viol\u00eancia e a agressividade.<\/p>\n<p>Sede pioneiros dessa era nova contribuindo com o que tendes de mais valor, que \u00e9 o vosso sentimento, auxiliando-vos a ascender na escala evolutiva e a erguer os que teimosamente permanecem nos degraus inferiores da vida.<br \/>\nA queda leva ao abismo, e abismos existem sem fundos como as escadas da degrada\u00e7\u00e3o n\u00e3o t\u00eam o \u00faltimo degrau.<br \/>\nParai, detende o passo e come\u00e7ai a subir a escada do progresso, porque Cristo espera por v\u00f3s.<\/p>\n<p>Este \u00e9 o vosso momento: n\u00e3o vos escuseis de amar ou de servir, tendo em mente que a vida f\u00edsica \u00e9 breve como qualquer jornada, mas o ser que sois \u00e9 permanente, imortal.<br \/>\nTransformai o amor em alimento da alma e o servi\u00e7o em sustenta\u00e7\u00e3o do amor.<br \/>\nEm nome dos Esp\u00edritos-espiritas aqui presentes rogamos as b\u00ean\u00e7\u00e3os de Deus para todos n\u00f3s.<\/p>\n<p>Voltai aos vossos lares ,jubilosos, esquecei, por momentos breves que sejam, das afli\u00e7\u00f5es e enriquecei o cora\u00e7\u00e3o e a mente com a alegria de amar e de receber amor.<br \/>\nEm nome do Senhor eu vos abra\u00e7o, filhos e filhas da alma, com carinho de servidor hum\u00edlimo e paternal de sempre, Bezerra.<\/p>\n<p>(P\u00e1gina recebida em psicofonia pelo m\u00e9dium Divaldo Pereira Franco, durante a palestra proferida na sede da Creche Am\u00e9lia Rodrigues, no dia 22 de outubro de 2016, em Santo Andr\u00e9, SP)<\/p>\n","protected":false},"excerpt":{"rendered":"<p>\u201cEu nunca vos deixareis \u00f3rf\u00e3os, eu ficarei convosco at\u00e9 a consuma\u00e7\u00e3o dos evos. Quando qualquer dificuldade estiver ao vosso alcance pensai em mim e eu estarei convosco\u201d. Transcorreram dois mil anos e nesses dois mil anos em que o mundo se convulsionou in\u00fameras vezes, algo diferente hoje desenha-se no alicerce das almas: [&hellip;]<\/p>\n","protected":false},"author":2,"featured_media":1325,"comment_status":"open","ping_status":"open","sticky":false,"template":"","format":"standard","meta":{"footnotes":""},"categories":[4],"tags":[],"class_list":["post-1510","post","type-post","status-publish","format-standard","has-post-thumbnail","hentry","category-reflexoes"],"_links":{"self":[{"href":"https:\/\/www.gruposamaritano.com.br\/ges\/wp-json\/wp\/v2\/posts\/1510","targetHints":{"allow":["GET"]}}],"collection":[{"href":"https:\/\/www.gruposamaritano.com.br\/ges\/wp-json\/wp\/v2\/posts"}],"about":[{"href":"https:\/\/www.gruposamaritano.com.br\/ges\/wp-json\/wp\/v2\/types\/post"}],"author":[{"embeddable":true,"href":"https:\/\/www.gruposamaritano.com.br\/ges\/wp-json\/wp\/v2\/users\/2"}],"replies":[{"embeddable":true,"href":"https:\/\/www.gruposamaritano.com.br\/ges\/wp-json\/wp\/v2\/comments?post=1510"}],"version-history":[{"count":0,"href":"https:\/\/www.gruposamaritano.com.br\/ges\/wp-json\/wp\/v2\/posts\/1510\/revisions"}],"wp:featuredmedia":[{"embeddable":true,"href":"https:\/\/www.gruposamaritano.com.br\/ges\/wp-json\/wp\/v2\/media\/1325"}],"wp:attachment":[{"href":"https:\/\/www.gruposamaritano.com.br\/ges\/wp-json\/wp\/v2\/media?parent=1510"}],"wp:term":[{"taxonomy":"category","embeddable":true,"href":"https:\/\/www.gruposamaritano.com.br\/ges\/wp-json\/wp\/v2\/categories?post=1510"},{"taxonomy":"post_tag","embeddable":true,"href":"https:\/\/www.gruposamaritano.com.br\/ges\/wp-json\/wp\/v2\/tags?post=1510"}],"curies":[{"name":"wp","href":"https:\/\/api.w.org\/{rel}","templated":true}]}}