{"id":1508,"date":"2016-10-26T10:32:09","date_gmt":"2016-10-26T13:32:09","guid":{"rendered":"https:\/\/www.gruposamaritano.com.br\/ges\/?p=1508"},"modified":"2016-10-26T10:32:09","modified_gmt":"2016-10-26T13:32:09","slug":"oracao-contra-depressao","status":"publish","type":"post","link":"https:\/\/www.gruposamaritano.com.br\/ges\/2016\/10\/oracao-contra-depressao\/","title":{"rendered":"Ora\u00e7\u00e3o contra depress\u00e3o&#8230;"},"content":{"rendered":"<p>Ora\u00e7\u00e3o contra depress\u00e3o.<\/p>\n<p>Amado Pai Celestial, em nome do Teu Filho Jesus e na miseric\u00f3rdia do Esp\u00edrito Santo eu clamo a Tua ajuda.<br \/>\nVolta para mim o Teu rosto de miseric\u00f3rdia e de paz. Conceda-me a sa\u00fade do corpo e da alma.<br \/>\n<!--more--><\/p>\n<p>Em meus momentos de depress\u00e3o, cheguei muitas vezes a perder o encanto pela vida Senhor.<br \/>\nNada mais me alegra, tudo me parece vazio e sem sentido.<br \/>\nO barulho, a presen\u00e7a de muitas pessoas, as coisas por fazer, tudo me cansa ou faz sofrer, ajuda-me Senhor.<br \/>\nAlivia o meu fardo, cicatriza as feridas do meu ser. Lava-me com o b\u00e1lsamo do perd\u00e3o.<br \/>\nEntra Esp\u00edrito Santo em cada c\u00e9lula do meu corpo, afastando a escurid\u00e3o e qualquer sintoma de depress\u00e3o, ang\u00fastia, ansiedade, p\u00e2nico e tristeza da alma.<br \/>\nDevolve-me a alegria de viver Senhor.<br \/>\nPessoas da minha fam\u00edlia dependem de mim, preciso estar com elas.<br \/>\nQue sejam para hoje tuas promessas, oh Pai. Em ti confio e sei que n\u00e3o estarei no abandono.<br \/>\nJesus Amado ouve o meu clamor.<br \/>\nEsp\u00edrito Santo de paz cura a minha dor.<br \/>\nAm\u00e9m.<br \/>\nAssim seja.<br \/>\nMuito obrigado por tudo Senhor.<\/p>\n","protected":false},"excerpt":{"rendered":"<p>Ora\u00e7\u00e3o contra depress\u00e3o. Amado Pai Celestial, em nome do Teu Filho Jesus e na miseric\u00f3rdia do Esp\u00edrito Santo eu clamo a Tua ajuda. Volta para mim o Teu rosto de miseric\u00f3rdia e de paz. Conceda-me a sa\u00fade do corpo e da alma.<\/p>\n","protected":false},"author":2,"featured_media":1036,"comment_status":"open","ping_status":"open","sticky":false,"template":"","format":"standard","meta":{"footnotes":""},"categories":[4],"tags":[],"class_list":["post-1508","post","type-post","status-publish","format-standard","has-post-thumbnail","hentry","category-reflexoes"],"_links":{"self":[{"href":"https:\/\/www.gruposamaritano.com.br\/ges\/wp-json\/wp\/v2\/posts\/1508","targetHints":{"allow":["GET"]}}],"collection":[{"href":"https:\/\/www.gruposamaritano.com.br\/ges\/wp-json\/wp\/v2\/posts"}],"about":[{"href":"https:\/\/www.gruposamaritano.com.br\/ges\/wp-json\/wp\/v2\/types\/post"}],"author":[{"embeddable":true,"href":"https:\/\/www.gruposamaritano.com.br\/ges\/wp-json\/wp\/v2\/users\/2"}],"replies":[{"embeddable":true,"href":"https:\/\/www.gruposamaritano.com.br\/ges\/wp-json\/wp\/v2\/comments?post=1508"}],"version-history":[{"count":0,"href":"https:\/\/www.gruposamaritano.com.br\/ges\/wp-json\/wp\/v2\/posts\/1508\/revisions"}],"wp:featuredmedia":[{"embeddable":true,"href":"https:\/\/www.gruposamaritano.com.br\/ges\/wp-json\/wp\/v2\/media\/1036"}],"wp:attachment":[{"href":"https:\/\/www.gruposamaritano.com.br\/ges\/wp-json\/wp\/v2\/media?parent=1508"}],"wp:term":[{"taxonomy":"category","embeddable":true,"href":"https:\/\/www.gruposamaritano.com.br\/ges\/wp-json\/wp\/v2\/categories?post=1508"},{"taxonomy":"post_tag","embeddable":true,"href":"https:\/\/www.gruposamaritano.com.br\/ges\/wp-json\/wp\/v2\/tags?post=1508"}],"curies":[{"name":"wp","href":"https:\/\/api.w.org\/{rel}","templated":true}]}}