{"id":1493,"date":"2016-10-10T19:29:33","date_gmt":"2016-10-10T22:29:33","guid":{"rendered":"https:\/\/www.gruposamaritano.com.br\/ges\/?p=1493"},"modified":"2016-10-10T19:29:33","modified_gmt":"2016-10-10T22:29:33","slug":"hoje-me-dei-um-tempo","status":"publish","type":"post","link":"https:\/\/www.gruposamaritano.com.br\/ges\/2016\/10\/hoje-me-dei-um-tempo\/","title":{"rendered":"Hoje &#8220;me dei um tempo&#8221;&#8230;."},"content":{"rendered":"<p>Hoje &#8220;me dei um tempo&#8221; para pensar na vida.<br \/>\nNa minha vida !!!<br \/>\nDecidi ent\u00e3o que: A partir do pr\u00f3ximo amanhecer, vou mudar alguns detalhes para ser a cada novo dia, um pouquinho mais feliz.<br \/>\nPara come\u00e7ar, n\u00e3o vou mais olhar para tr\u00e1s. O que passou \u00e9 passado, se errei, agora n\u00e3o vou conseguir corrigir.<br \/>\n<!--more--><\/p>\n<p>Ent\u00e3o, para que remoer o que passou?<br \/>\nRefletir sobre aqueles erros sim e ent\u00e3o fazer deles um aprendizado para o &#8220;meu hoje&#8221;&#8230;.<br \/>\nNem todas as pessoas que amo, retribuem meus carinhos como &#8220;eu&#8221; gostaria&#8230;.E da\u00ed?<br \/>\nA partir do pr\u00f3ximo amanhecer vou continuar a am\u00e1-las, mas n\u00e3o vou tentar mud\u00e1-las.<br \/>\nPode ser at\u00e9 que ficassem como eu gostaria que fossem e deixassem de ser as pessoas que eu amo.<br \/>\nIsso eu n\u00e3o quero.<br \/>\nMudo eu&#8230;<br \/>\nMudo meu modo de v\u00ea-los.<br \/>\nRespeito seu modo de ser.<br \/>\nMas n\u00e3o pense que vou desistir de meus sonhos !!!!<br \/>\nImagine !!!<br \/>\nA partir do pr\u00f3ximo amanhecer, vou lutar com mais garra para que eles aconte\u00e7am.<br \/>\nMas vai ser diferente.<br \/>\nN\u00e3o vou mais responsabilizar a ningu\u00e9m a minha felicidade.<br \/>\nEu vou ser feliz !!!<br \/>\nN\u00e3o vou parar a minha vida porque o que desejo n\u00e3o acontece, porque uma mensagem n\u00e3o chega, porque n\u00e3o ou\u00e7o o que gostaria de ouvir.<br \/>\nVou fazer o meu momento&#8230;<br \/>\nVou ser feliz agora&#8230;<br \/>\nTerei outros dias pela frente !!!<br \/>\nNunca mais darei muita import\u00e2ncia aos problemas que n\u00e3o tenho conseguido resolver<br \/>\nA partir do pr\u00f3ximo amanhecer, vou agradecer a DEUS, todos os dias por me dar for\u00e7as para viver. Apesar dos meus problemas.<br \/>\nChega de sofrer pelo que n\u00e3o consigo ter, pelo que n\u00e3o ou\u00e7o ou n\u00e3o leio.<br \/>\nPelo tempo que n\u00e3o tenho e at\u00e9 de sofrer por antecipa\u00e7\u00e3o, pensando sempre,<br \/>\napenas no pior.<br \/>\nA partir do pr\u00f3ximo amanhecer s\u00f3 vou pensar no que tenho de bom.<br \/>\nMeus amigos, nunca mais precisar\u00e3o me dar o ombro para chorar.<br \/>\nVou aproveitar a presen\u00e7a deles para sorrir, cantar, para dividir felicidade.<br \/>\nA partir do pr\u00f3ximo amanhecer vou ser eu mesmo.Nunca mais vou tentar ser modelo de perfei\u00e7\u00e3o.<br \/>\nNunca mais vou sorrir sem vontade ou falar palavras amorosas por que acho que sei o que os outros querem ouvir.<br \/>\nA partir do pr\u00f3ximo amanhecer vou viver minha vida. SEM MEDO DE SER FELIZ.<br \/>\nVou continuar esperando.<br \/>\nN\u00e3o, n\u00e3o vou esquecer ningu\u00e9m.<br \/>\nMas&#8230;<br \/>\nA partir do pr\u00f3ximo amanhecer, quando a gente se encontrar, com certeza, vou<br \/>\nte dar &#8220;aquele&#8221; abra\u00e7o bem apertado, e com muita sinceridade dizer&#8230;<br \/>\nGOSTO MUITO DE VOC\u00ca E TENHO MUITO AMOR PARA LHE DAR.<\/p>\n<p>Autoria: Rosalva<\/p>\n","protected":false},"excerpt":{"rendered":"<p>Hoje &#8220;me dei um tempo&#8221; para pensar na vida. Na minha vida !!! Decidi ent\u00e3o que: A partir do pr\u00f3ximo amanhecer, vou mudar alguns detalhes para ser a cada novo dia, um pouquinho mais feliz. Para come\u00e7ar, n\u00e3o vou mais olhar para tr\u00e1s. O que passou \u00e9 passado, se errei, agora n\u00e3o [&hellip;]<\/p>\n","protected":false},"author":2,"featured_media":561,"comment_status":"open","ping_status":"open","sticky":false,"template":"","format":"standard","meta":{"footnotes":""},"categories":[4],"tags":[],"class_list":["post-1493","post","type-post","status-publish","format-standard","has-post-thumbnail","hentry","category-reflexoes"],"_links":{"self":[{"href":"https:\/\/www.gruposamaritano.com.br\/ges\/wp-json\/wp\/v2\/posts\/1493","targetHints":{"allow":["GET"]}}],"collection":[{"href":"https:\/\/www.gruposamaritano.com.br\/ges\/wp-json\/wp\/v2\/posts"}],"about":[{"href":"https:\/\/www.gruposamaritano.com.br\/ges\/wp-json\/wp\/v2\/types\/post"}],"author":[{"embeddable":true,"href":"https:\/\/www.gruposamaritano.com.br\/ges\/wp-json\/wp\/v2\/users\/2"}],"replies":[{"embeddable":true,"href":"https:\/\/www.gruposamaritano.com.br\/ges\/wp-json\/wp\/v2\/comments?post=1493"}],"version-history":[{"count":0,"href":"https:\/\/www.gruposamaritano.com.br\/ges\/wp-json\/wp\/v2\/posts\/1493\/revisions"}],"wp:featuredmedia":[{"embeddable":true,"href":"https:\/\/www.gruposamaritano.com.br\/ges\/wp-json\/wp\/v2\/media\/561"}],"wp:attachment":[{"href":"https:\/\/www.gruposamaritano.com.br\/ges\/wp-json\/wp\/v2\/media?parent=1493"}],"wp:term":[{"taxonomy":"category","embeddable":true,"href":"https:\/\/www.gruposamaritano.com.br\/ges\/wp-json\/wp\/v2\/categories?post=1493"},{"taxonomy":"post_tag","embeddable":true,"href":"https:\/\/www.gruposamaritano.com.br\/ges\/wp-json\/wp\/v2\/tags?post=1493"}],"curies":[{"name":"wp","href":"https:\/\/api.w.org\/{rel}","templated":true}]}}