{"id":1491,"date":"2016-10-07T22:06:07","date_gmt":"2016-10-08T01:06:07","guid":{"rendered":"https:\/\/www.gruposamaritano.com.br\/ges\/?p=1491"},"modified":"2016-10-07T22:06:07","modified_gmt":"2016-10-08T01:06:07","slug":"comecar-de-novo-2","status":"publish","type":"post","link":"https:\/\/www.gruposamaritano.com.br\/ges\/2016\/10\/comecar-de-novo-2\/","title":{"rendered":"Come\u00e7ar de novo!!"},"content":{"rendered":"<p>Erros passados, tristezas contra\u00eddas, l\u00e1grimas choradas, desajustes<br \/>\ncr\u00f4nicos!&#8230;<br \/>\n\u00c0s vezes, acreditas que todas as b\u00ean\u00e7\u00e3os jazem extintas, que todas as portas<br \/>\nse mostram cerradas \u00e0 necess\u00e1ria renova\u00e7\u00e3o!&#8230;<br \/>\nEsqueces-te, por\u00e9m, de que a pr\u00f3pria sabedoria da vida determina que o dia<br \/>\nse refa\u00e7a cada manh\u00e3.<br \/>\n<!--more--><\/p>\n<p>Come\u00e7ar de novo \u00e9 o processo da Natureza, desde a semente singela ao gigante<br \/>\nsolar.<br \/>\nSe experimentaste o peso do desengano, nada te obriga a permanecer sob a<br \/>\ncorrente do desencanto.<br \/>\nReinicia a constru\u00e7\u00e3o de teus ideais, em bases mais s\u00f3lidas, e torna ao<br \/>\ncalor da experi\u00eancia, a fim de acalent\u00e1-los em plenitude de for\u00e7as novas.<br \/>\nO fracasso visitou-nos em algum tentame de eleva\u00e7\u00e3o, mas isso n\u00e3o \u00e9 motivo<br \/>\npara desgosto e autopiedade, porquanto, frequentemente, o malogro de nossos<br \/>\nanseios significa ordem do Alto para mudan\u00e7a de rumo, e come\u00e7ar de novo \u00e9 o<br \/>\ncaminho para o \u00eaxito desejado.<br \/>\nTemos sido talvez desatentos, diante dos outros, cultivando indiferen\u00e7a ou<br \/>\ningratid\u00e3o; no entanto, \u00e9 perfeitamente poss\u00edvel refazer atitudes e come\u00e7ar<br \/>\nde novo a planta\u00e7\u00e3o da simpatia, oferecendo bondade e compreens\u00e3o \u00e0queles<br \/>\nque nos cercam.<br \/>\nTeremos perdido afei\u00e7\u00f5es que sup\u00fanhamos inalter\u00e1veis; todavia, n\u00e3o ser\u00e1<br \/>\njusto, por isso, que venhamos a cair em des\u00e2nimo.<br \/>\nO tempo nos permite come\u00e7ar de novo, na procura das nossas afinidades<br \/>\naut\u00eanticas, aquelas afinidades suscet\u00edveis de insuflar-nos coragem para<br \/>\nsuportar as prova\u00e7\u00f5es do caminho e assegurar-nos o contentamento de viver.<br \/>\nDesfa\u00e7amos-nos de pensamentos amargos, das cargas de ang\u00fastia, dos<br \/>\nressentimentos que nos alcancem e das m\u00e1goas requentadas no peito!&#8230;<br \/>\nDescerremos as janelas da alma para que o sol do entendimento nos higienize<br \/>\ne reaque\u00e7a a casa \u00edntima.<br \/>\nTudo na vida pode ser come\u00e7ado de novo para que a lei do progresso e do<br \/>\naperfei\u00e7oamento se cumpra em todas as dire\u00e7\u00f5es.<br \/>\nEfetivamente, em muitas ocasi\u00f5es, quando desprezamos as oportunidades e<br \/>\ntarefas que nos s\u00e3o concedidas na Obra do Senhor, voltamos tarde a fim de<br \/>\nrevis\u00e1-las e reassumi-las, mas nunca tarde demais.<\/p>\n<p>Emmanuel &#8211; Psicografia de Chico Xavier<\/p>\n","protected":false},"excerpt":{"rendered":"<p>Erros passados, tristezas contra\u00eddas, l\u00e1grimas choradas, desajustes cr\u00f4nicos!&#8230; \u00c0s vezes, acreditas que todas as b\u00ean\u00e7\u00e3os jazem extintas, que todas as portas se mostram cerradas \u00e0 necess\u00e1ria renova\u00e7\u00e3o!&#8230; Esqueces-te, por\u00e9m, de que a pr\u00f3pria sabedoria da vida determina que o dia se refa\u00e7a cada manh\u00e3.<\/p>\n","protected":false},"author":2,"featured_media":881,"comment_status":"open","ping_status":"open","sticky":false,"template":"","format":"standard","meta":{"footnotes":""},"categories":[4],"tags":[],"class_list":["post-1491","post","type-post","status-publish","format-standard","has-post-thumbnail","hentry","category-reflexoes"],"_links":{"self":[{"href":"https:\/\/www.gruposamaritano.com.br\/ges\/wp-json\/wp\/v2\/posts\/1491","targetHints":{"allow":["GET"]}}],"collection":[{"href":"https:\/\/www.gruposamaritano.com.br\/ges\/wp-json\/wp\/v2\/posts"}],"about":[{"href":"https:\/\/www.gruposamaritano.com.br\/ges\/wp-json\/wp\/v2\/types\/post"}],"author":[{"embeddable":true,"href":"https:\/\/www.gruposamaritano.com.br\/ges\/wp-json\/wp\/v2\/users\/2"}],"replies":[{"embeddable":true,"href":"https:\/\/www.gruposamaritano.com.br\/ges\/wp-json\/wp\/v2\/comments?post=1491"}],"version-history":[{"count":0,"href":"https:\/\/www.gruposamaritano.com.br\/ges\/wp-json\/wp\/v2\/posts\/1491\/revisions"}],"wp:featuredmedia":[{"embeddable":true,"href":"https:\/\/www.gruposamaritano.com.br\/ges\/wp-json\/wp\/v2\/media\/881"}],"wp:attachment":[{"href":"https:\/\/www.gruposamaritano.com.br\/ges\/wp-json\/wp\/v2\/media?parent=1491"}],"wp:term":[{"taxonomy":"category","embeddable":true,"href":"https:\/\/www.gruposamaritano.com.br\/ges\/wp-json\/wp\/v2\/categories?post=1491"},{"taxonomy":"post_tag","embeddable":true,"href":"https:\/\/www.gruposamaritano.com.br\/ges\/wp-json\/wp\/v2\/tags?post=1491"}],"curies":[{"name":"wp","href":"https:\/\/api.w.org\/{rel}","templated":true}]}}