{"id":1487,"date":"2016-10-06T18:01:35","date_gmt":"2016-10-06T21:01:35","guid":{"rendered":"https:\/\/www.gruposamaritano.com.br\/ges\/?p=1487"},"modified":"2016-10-06T18:04:06","modified_gmt":"2016-10-06T21:04:06","slug":"a-nos-seres-humanos","status":"publish","type":"post","link":"https:\/\/www.gruposamaritano.com.br\/ges\/2016\/10\/a-nos-seres-humanos\/","title":{"rendered":"A n\u00f3s, seres humanos&#8230;"},"content":{"rendered":"<p>&#8220;A n\u00f3s, seres humanos, Deus outorgou a prote\u00e7\u00e3o e a condu\u00e7\u00e3o de nossos<br \/>\nirm\u00e3os mais novos, os animais! (Chico Xavier)&#8221;<\/p>\n<p>&#8220;Algumas pessoas se ressentem do conv\u00edvio humano e s\u00f3 n\u00e3o se fecham por<br \/>\ncompleto porque o contato constante com animais, sejam eles c\u00e3es, gatos,<br \/>\np\u00e1ssaros, n\u00e3o permite que o amor e a ternura se desvane\u00e7am totalmente.<\/p>\n<p><!--more--><\/p>\n<p>O escritor e editor brit\u00e2nico Joe Randolf Ackerley, morto em 1967, n\u00e3o era o<br \/>\nque se pode chamar de amante dos animais. Seu comportamento chegou a ser<br \/>\nconsiderado exc\u00eantrico.<br \/>\nNa maturidade, adotou uma pastora alsaciana de nome Queenie. Ela se<br \/>\ntransformou em sua grande companheira, a amiga ideal e o melhor<br \/>\nrelacionamento de sua vida, segundo o pr\u00f3prio escritor. Por causa dela, ele<br \/>\nmudou.<br \/>\nSua produ\u00e7\u00e3o liter\u00e1ria teve uma melhora significativa. Nos quinze anos em<br \/>\nque conviveu com Queenie, produziu seus melhores livros.<br \/>\nEm Minha cadela Tulipa, um romance cheio de ternura, ele narra a amizade e o<br \/>\namor verdadeiro que compartilhou com sua leal companheira. O livro foi<br \/>\ntransformado em uma anima\u00e7\u00e3o, que recebeu v\u00e1rios pr\u00eamios.<br \/>\nNa primeira metade do s\u00e9culo XX, na cidade de Shibuya, o professor<br \/>\nHidesabaro Ueno adotou um c\u00e3o da ra\u00e7a Akita e o chamou de Hachiko.<br \/>\nDiariamente, o c\u00e3o acompanhava o dono at\u00e9 a esta\u00e7\u00e3o de trem e ali aguardava<br \/>\nque ele retornasse de T\u00f3quio, onde lecionava.<br \/>\nEssa foi a rotina dos dois por mais de um ano, at\u00e9 que Ueno teve um acidente<br \/>\nvascular cerebral e morreu.<br \/>\nDurante dez anos, o c\u00e3o ficou aguardando seu amado dono, na esta\u00e7\u00e3o, para<br \/>\nsurpresa e como\u00e7\u00e3o de todos, que passaram a aliment\u00e1-lo.<br \/>\nEssa hist\u00f3ria de amor e lealdade, conclu\u00edda com a morte do fiel animal, foi<br \/>\ndivulgada por todo o Jap\u00e3o. Tornou-se mat\u00e9ria de jornal, document\u00e1rio, livro<br \/>\ne inspirou o filme Sempre a seu lado.<\/p>\n<p>* * *<\/p>\n<p>Diariamente, c\u00e3es e gatos an\u00f4nimos alegram o nosso dia a dia, d\u00e3o carinho e<br \/>\namor incondicionais aos que lhes somos donos, ajudam a reduzir nossa<br \/>\nansiedade, estresse, confortam nos momentos de tristeza.<br \/>\nAnimais ensinam a amar e a perdoar.<br \/>\nEles existem, n\u00e3o para servir aos seres humanos como escravos, mas para<br \/>\nlembrar-nos de que todos somos criaturas de Deus.<br \/>\nSomos respons\u00e1veis por sua manuten\u00e7\u00e3o, pelos cuidados de que carecem.<br \/>\nInfelizmente, muitos n\u00e3o estamos atentos a esse papel no mundo. Maltratamos,<br \/>\nabandonamos, agredimos, exploramos, torturamos e at\u00e9 os matamos, de forma<br \/>\ncruel.<br \/>\nEm contrapartida, in\u00fameros volunt\u00e1rios resgatam animais em situa\u00e7\u00e3o de<br \/>\nrisco, doentes, feridos. Cuidam para que se recuperem e se reintegrem ao<br \/>\nmundo, \u00e0s vezes, com o sacrif\u00edcio do pr\u00f3prio repouso e alimento.<br \/>\nS\u00e3o almas abnegadas que, inspiradas pelo sublime defensor da natureza,<br \/>\nFrancisco de Assis, entenderam que, no Universo, tudo est\u00e1 interligado. E<br \/>\nque os animais s\u00e3o nossos irm\u00e3os menores.<br \/>\nO nobre Franciscano dizia que todas as coisas da cria\u00e7\u00e3o s\u00e3o filhos do Pai e<br \/>\nirm\u00e3os do homem. Deus deseja que ajudemos aos animais. Toda criatura tem o<br \/>\nmesmo direito de ser protegida.<br \/>\nQue possamos nos lembrar de que, como irm\u00e3os mais velhos, na escalada<br \/>\nevolutiva da Terra, temos a responsabilidade dos cuidados necess\u00e1rios aos<br \/>\nanimais.&#8221;<\/p>\n<p>Reda\u00e7\u00e3o do Momento Esp\u00edrita.<\/p>\n","protected":false},"excerpt":{"rendered":"<p>&#8220;A n\u00f3s, seres humanos, Deus outorgou a prote\u00e7\u00e3o e a condu\u00e7\u00e3o de nossos irm\u00e3os mais novos, os animais! (Chico Xavier)&#8221; &#8220;Algumas pessoas se ressentem do conv\u00edvio humano e s\u00f3 n\u00e3o se fecham por completo porque o contato constante com animais, sejam eles c\u00e3es, gatos, p\u00e1ssaros, n\u00e3o permite que o amor e a [&hellip;]<\/p>\n","protected":false},"author":2,"featured_media":1381,"comment_status":"open","ping_status":"open","sticky":false,"template":"","format":"standard","meta":{"footnotes":""},"categories":[4],"tags":[],"class_list":["post-1487","post","type-post","status-publish","format-standard","has-post-thumbnail","hentry","category-reflexoes"],"_links":{"self":[{"href":"https:\/\/www.gruposamaritano.com.br\/ges\/wp-json\/wp\/v2\/posts\/1487","targetHints":{"allow":["GET"]}}],"collection":[{"href":"https:\/\/www.gruposamaritano.com.br\/ges\/wp-json\/wp\/v2\/posts"}],"about":[{"href":"https:\/\/www.gruposamaritano.com.br\/ges\/wp-json\/wp\/v2\/types\/post"}],"author":[{"embeddable":true,"href":"https:\/\/www.gruposamaritano.com.br\/ges\/wp-json\/wp\/v2\/users\/2"}],"replies":[{"embeddable":true,"href":"https:\/\/www.gruposamaritano.com.br\/ges\/wp-json\/wp\/v2\/comments?post=1487"}],"version-history":[{"count":0,"href":"https:\/\/www.gruposamaritano.com.br\/ges\/wp-json\/wp\/v2\/posts\/1487\/revisions"}],"wp:featuredmedia":[{"embeddable":true,"href":"https:\/\/www.gruposamaritano.com.br\/ges\/wp-json\/wp\/v2\/media\/1381"}],"wp:attachment":[{"href":"https:\/\/www.gruposamaritano.com.br\/ges\/wp-json\/wp\/v2\/media?parent=1487"}],"wp:term":[{"taxonomy":"category","embeddable":true,"href":"https:\/\/www.gruposamaritano.com.br\/ges\/wp-json\/wp\/v2\/categories?post=1487"},{"taxonomy":"post_tag","embeddable":true,"href":"https:\/\/www.gruposamaritano.com.br\/ges\/wp-json\/wp\/v2\/tags?post=1487"}],"curies":[{"name":"wp","href":"https:\/\/api.w.org\/{rel}","templated":true}]}}