{"id":1474,"date":"2016-09-27T14:38:19","date_gmt":"2016-09-27T17:38:19","guid":{"rendered":"https:\/\/www.gruposamaritano.com.br\/ges\/?p=1474"},"modified":"2016-09-27T14:38:19","modified_gmt":"2016-09-27T17:38:19","slug":"a-aguia-de-asas-partidas-%ef%bb%bf","status":"publish","type":"post","link":"https:\/\/www.gruposamaritano.com.br\/ges\/2016\/09\/a-aguia-de-asas-partidas-%ef%bb%bf\/","title":{"rendered":"A \u00c1guia de Asas Partidas \ufeff"},"content":{"rendered":"<p>Ele possu\u00eda muitas riquezas. Tinha as arcas abarrotadas de ouro e gemas<br \/>\npreciosas.<\/p>\n<p>A juventude lhe sorria e os amigos sempre se faziam presentes nos banquetes.<\/p>\n<p>Habituara-se a dormir em seu leito de \u00e9bano e marfim. Dormir e sonhar.<\/p>\n<p><!--more--><\/p>\n<p>Em seus sonhos, misturava-se a realidade das tantas vit\u00f3rias que lhe<br \/>\nenriqueciam os dias. E um desejo de paz que ainda n\u00e3o fru\u00eda.<\/p>\n<p>Ele amava as corridas de bigas e quadrigas. Recentemente comprara cavalos<br \/>\n\u00e1rabes, fogosos. E escravos o haviam adestrado durante dias.<\/p>\n<p>Tudo apontava para a vit\u00f3ria nas pr\u00f3ximas corridas no porto de Cesareia.<\/p>\n<p>Mas os momentos de tristeza se faziam constantes.<\/p>\n<p>A felicidade n\u00e3o era total. Faltava algo. Ao mesmo tempo, ele temia perder a<br \/>\nfelicidade que desfrutava.<\/p>\n<p>Por isso, ouvindo falar daquele Homem singular que andava pelas estradas da<br \/>\nGalileia, o procurou.<\/p>\n<p>Bom mestre, que bem devo praticar para alcan\u00e7ar a vida eterna?<\/p>\n<p>Desejava saber. Como desejava. A resposta veio sonora e clara:<\/p>\n<p>Por que me chamas bom? Bom somente o Pai o \u00e9. \u00c0 tua pergunta, respondo:<br \/>\n&#8220;Cumpre os mandamentos, isto \u00e9, n\u00e3o adulterar\u00e1s, n\u00e3o matar\u00e1s, n\u00e3o furtar\u00e1s,<br \/>\nn\u00e3o dir\u00e1s falso testemunho, honrar\u00e1s teu pai e tua m\u00e3e.&#8221;<\/p>\n<p>Tudo isso tenho observado em minha mocidade. No entanto, sinto que n\u00e3o me<br \/>\nbasta. Surdas inquieta\u00e7\u00f5es me atormentam. Labaredas de ansiedade me<br \/>\nconsomem. Falta-me algo!<\/p>\n<p>Ent\u00e3o &#8211; prop\u00f5e-lhe a Luz &#8211; vende tudo quanto tens, reparte-o entre os<br \/>\npobres. Vem, e segue-Me!<\/p>\n<p>A ordem, a meiguice daquele Homem ecoava em seu Esp\u00edrito. Ele era uma \u00e1guia<br \/>\nque desejava alcan\u00e7ar as alturas. E o Rabi lhe dizia como utilizar as asas<br \/>\npara voar mais alto.<\/p>\n<p>Pela mente em turbilh\u00e3o do jovem, passam as cenas das gl\u00f3rias que<br \/>\nconquistaria. Os amigos confiavam nele.<\/p>\n<p>Tantos esperavam a sua vit\u00f3ria. Israel seria honrada com seu triunfo.<\/p>\n<p>Sim, ele podia renunciar aos bens de fam\u00edlia, mas ao tesouro da juventude,<br \/>\n\u00e0s riquezas da vaidade atendida, os caprichos sustentados&#8230;?<\/p>\n<p>Seria necess\u00e1rio renunciar a tudo?<\/p>\n<p>A \u00e1guia desejava voar mas as asas estavam partidas&#8230;<\/p>\n<p>Recorda-se o jovem que os amigos o esperam na cidade para um banquete<br \/>\npreviamente agendado. Num estremecimento, se ergue:<\/p>\n<p>N\u00e3o posso! &#8211; Murmura. N\u00e3o posso agora. Perdoa-me.<\/p>\n<p>E afastou-se a passos largos. Subindo a encosta, na curva do caminho, ele se<br \/>\ndeteve. Olhou para tr\u00e1s. Vacilou ainda uma vez.<\/p>\n<p>A figura do Mestre se desenha na paisagem, aos raios do luar. A Luz parece<br \/>\ncham\u00e1-lo uma vez mais.<\/p>\n<p>Indecisa, a alma do mo\u00e7o parece um p\u00eandulo oscilante. A \u00e1guia ainda tenta<br \/>\nal\u00e7ar o voo. O peso do mundo a ret\u00e9m no solo.<\/p>\n<p>Ele se decide. Com passos r\u00e1pidos, quase a correr, desaparece na noite.<\/p>\n<p>Os evangelistas Mateus, Marcos e Lucas narram o epis\u00f3dio e dizem de como o<br \/>\njovem se retirou triste e pesaroso.<\/p>\n<p>Nem poderia ser diferente: fora-lhe dada a oportunidade de se precipitar no<br \/>\noceano do amor e ele preferira as areias v\u00e3s do mundo.<\/p>\n<p>* * *<\/p>\n<p>O Divino Amigo nos chama, diariamente, para a conquista do reino de paz.<\/p>\n<p>Alguns ainda somos como o mo\u00e7o rico. Deixamos para mais tarde, presos que<br \/>\nainda estamos a muitas quest\u00f5es e vaidades pessoais.<\/p>\n<p>\u00c9 bom analisar o que vale mais: a alegria ef\u00eamera do mundo ou a felicidade<br \/>\nperene que tanto anelamos. Depois, \u00e9 s\u00f3 optar.<\/p>\n<p>Reda\u00e7\u00e3o do Momento Esp\u00edrita<\/p>\n","protected":false},"excerpt":{"rendered":"<p>Ele possu\u00eda muitas riquezas. Tinha as arcas abarrotadas de ouro e gemas preciosas. A juventude lhe sorria e os amigos sempre se faziam presentes nos banquetes. Habituara-se a dormir em seu leito de \u00e9bano e marfim. Dormir e sonhar.<\/p>\n","protected":false},"author":2,"featured_media":1475,"comment_status":"open","ping_status":"open","sticky":false,"template":"","format":"standard","meta":{"footnotes":""},"categories":[4],"tags":[],"class_list":["post-1474","post","type-post","status-publish","format-standard","has-post-thumbnail","hentry","category-reflexoes"],"_links":{"self":[{"href":"https:\/\/www.gruposamaritano.com.br\/ges\/wp-json\/wp\/v2\/posts\/1474","targetHints":{"allow":["GET"]}}],"collection":[{"href":"https:\/\/www.gruposamaritano.com.br\/ges\/wp-json\/wp\/v2\/posts"}],"about":[{"href":"https:\/\/www.gruposamaritano.com.br\/ges\/wp-json\/wp\/v2\/types\/post"}],"author":[{"embeddable":true,"href":"https:\/\/www.gruposamaritano.com.br\/ges\/wp-json\/wp\/v2\/users\/2"}],"replies":[{"embeddable":true,"href":"https:\/\/www.gruposamaritano.com.br\/ges\/wp-json\/wp\/v2\/comments?post=1474"}],"version-history":[{"count":0,"href":"https:\/\/www.gruposamaritano.com.br\/ges\/wp-json\/wp\/v2\/posts\/1474\/revisions"}],"wp:featuredmedia":[{"embeddable":true,"href":"https:\/\/www.gruposamaritano.com.br\/ges\/wp-json\/wp\/v2\/media\/1475"}],"wp:attachment":[{"href":"https:\/\/www.gruposamaritano.com.br\/ges\/wp-json\/wp\/v2\/media?parent=1474"}],"wp:term":[{"taxonomy":"category","embeddable":true,"href":"https:\/\/www.gruposamaritano.com.br\/ges\/wp-json\/wp\/v2\/categories?post=1474"},{"taxonomy":"post_tag","embeddable":true,"href":"https:\/\/www.gruposamaritano.com.br\/ges\/wp-json\/wp\/v2\/tags?post=1474"}],"curies":[{"name":"wp","href":"https:\/\/api.w.org\/{rel}","templated":true}]}}