{"id":1463,"date":"2016-09-21T18:08:16","date_gmt":"2016-09-21T21:08:16","guid":{"rendered":"https:\/\/www.gruposamaritano.com.br\/ges\/?p=1463"},"modified":"2016-09-21T18:08:16","modified_gmt":"2016-09-21T21:08:16","slug":"o-verdadeiro-espirita","status":"publish","type":"post","link":"https:\/\/www.gruposamaritano.com.br\/ges\/2016\/09\/o-verdadeiro-espirita\/","title":{"rendered":"O verdadeiro esp\u00edrita&#8230;"},"content":{"rendered":"<p>O verdadeiro esp\u00edrita \u00e9 aquele que pratica a reforma \u00edntima e, ent\u00e3o,<br \/>\nilumina o mundo ao seu redor. N\u00e3o imp\u00f5e sua cren\u00e7a. N\u00e3o divide o mundo entre<br \/>\nn\u00f3s e eles. Vive de f\u00e9 raciocinada. De amor e caridade. Impregna seu<br \/>\ntrabalho com essa verdade. E escreve as linhas da hist\u00f3ria do novo homem.<br \/>\n<!--more--><\/p>\n<p>O desafio que se imp\u00f5e \u00e9 grande.<br \/>\nEis a flotilha e os corajosos remadores que n\u00e3o conhecem o oceano \u00e0 frente,<br \/>\nmas s\u00e3o os pioneiros que anseiam por descobrir, no erro e no acerto, como<br \/>\nser\u00e1 o mundo regenerado que bate \u00e0 nossa porta.<br \/>\nUsam c\u00e2meras, microfones, palavras. Suor e l\u00e1grimas.<br \/>\nAntes de ser um audiovisual esp\u00edrita que se forma e esbarra na fraqueza dos<br \/>\nadjetivos limitadores, que seja ent\u00e3o o esp\u00edrita no audiovisual.<br \/>\nO esp\u00edrita de verdade capaz de impregnar sua arte eterna, de navegar em<br \/>\ntodos os mares, de falar todas as l\u00ednguas, contar todas as hist\u00f3rias, cantar<br \/>\ntodas as m\u00fasicas e, enfim, imaginar e criar um mundo melhor dentro de si e \u00e0<br \/>\nsua volta, anunciando-o ent\u00e3o com humildade e alegria.<br \/>\nParab\u00e9ns a Funda\u00e7\u00e3o Esp\u00edrita Andr\u00e9 Luiz pelo trabalho de amor que realiza.<br \/>\nQue seja ele sempre uma semente di\u00e1ria na proclama\u00e7\u00e3o desses novos tempos,<br \/>\ndesta nova hist\u00f3ria cujo protagonista \u00e9 um s\u00f3.<br \/>\nEm nome de Deus.<\/p>\n<p>Wagner Assis &#8211; diretor e roteirista do filme Nosso Lar<\/p>\n","protected":false},"excerpt":{"rendered":"<p>O verdadeiro esp\u00edrita \u00e9 aquele que pratica a reforma \u00edntima e, ent\u00e3o, ilumina o mundo ao seu redor. N\u00e3o imp\u00f5e sua cren\u00e7a. N\u00e3o divide o mundo entre n\u00f3s e eles. Vive de f\u00e9 raciocinada. De amor e caridade. Impregna seu trabalho com essa verdade. E escreve as linhas da hist\u00f3ria do novo [&hellip;]<\/p>\n","protected":false},"author":2,"featured_media":1223,"comment_status":"open","ping_status":"open","sticky":false,"template":"","format":"standard","meta":{"footnotes":""},"categories":[4],"tags":[],"class_list":["post-1463","post","type-post","status-publish","format-standard","has-post-thumbnail","hentry","category-reflexoes"],"_links":{"self":[{"href":"https:\/\/www.gruposamaritano.com.br\/ges\/wp-json\/wp\/v2\/posts\/1463","targetHints":{"allow":["GET"]}}],"collection":[{"href":"https:\/\/www.gruposamaritano.com.br\/ges\/wp-json\/wp\/v2\/posts"}],"about":[{"href":"https:\/\/www.gruposamaritano.com.br\/ges\/wp-json\/wp\/v2\/types\/post"}],"author":[{"embeddable":true,"href":"https:\/\/www.gruposamaritano.com.br\/ges\/wp-json\/wp\/v2\/users\/2"}],"replies":[{"embeddable":true,"href":"https:\/\/www.gruposamaritano.com.br\/ges\/wp-json\/wp\/v2\/comments?post=1463"}],"version-history":[{"count":0,"href":"https:\/\/www.gruposamaritano.com.br\/ges\/wp-json\/wp\/v2\/posts\/1463\/revisions"}],"wp:featuredmedia":[{"embeddable":true,"href":"https:\/\/www.gruposamaritano.com.br\/ges\/wp-json\/wp\/v2\/media\/1223"}],"wp:attachment":[{"href":"https:\/\/www.gruposamaritano.com.br\/ges\/wp-json\/wp\/v2\/media?parent=1463"}],"wp:term":[{"taxonomy":"category","embeddable":true,"href":"https:\/\/www.gruposamaritano.com.br\/ges\/wp-json\/wp\/v2\/categories?post=1463"},{"taxonomy":"post_tag","embeddable":true,"href":"https:\/\/www.gruposamaritano.com.br\/ges\/wp-json\/wp\/v2\/tags?post=1463"}],"curies":[{"name":"wp","href":"https:\/\/api.w.org\/{rel}","templated":true}]}}