{"id":1454,"date":"2016-09-15T15:39:23","date_gmt":"2016-09-15T18:39:23","guid":{"rendered":"https:\/\/www.gruposamaritano.com.br\/ges\/?p=1454"},"modified":"2016-09-15T15:39:23","modified_gmt":"2016-09-15T18:39:23","slug":"conta-se-que-o-dono","status":"publish","type":"post","link":"https:\/\/www.gruposamaritano.com.br\/ges\/2016\/09\/conta-se-que-o-dono\/","title":{"rendered":"Conta-se que o dono&#8230;"},"content":{"rendered":"<p>Conta-se que o dono de um pequeno com\u00e9rcio, amigo do grande poeta Olavo<br \/>\nBilac, abordou-o na rua e lhe falou:<br \/>\nSr.Bilac, estou precisando vender o meu s\u00edtio, que o senhor conhece t\u00e3o bem.<br \/>\nPoderia redigir um an\u00fancio para o jornal?<br \/>\nOlavo Bilac, muito sol\u00edcito, apanhou um papel e escreveu:<br \/>\n<!--more--><\/p>\n<p>Vende-se encantadora propriedade, onde cantam os p\u00e1ssaros ao amanhecer no<br \/>\nextenso arvoredo, cortada por cristalinas e marejantes \u00e1guas de um ribeir\u00e3o.<br \/>\nA casa, banhada pelo sol nascente oferece a sombra tranquila das tardes, na<br \/>\nvaranda.<br \/>\nMeses depois, o poeta topa com o homem e pergunta-lhe se havia vendido o<br \/>\ns\u00edtio.<br \/>\nNem pensei mais nisso, disse o amigo. Quando li o an\u00fancio \u00e9 que percebi a<br \/>\nmaravilha que tinha.<br \/>\n* * *<br \/>\n\u00c0s vezes, para que possamos reconhecer o valor dos tesouros que possu\u00edmos, \u00e9<br \/>\npreciso que algu\u00e9m nos abra os olhos.<br \/>\nE isso n\u00e3o acontece somente com rela\u00e7\u00e3o aos bens materiais, mas tamb\u00e9m no<br \/>\ncampo afetivo.<br \/>\nTalvez motivados pela rotina ou pela acomoda\u00e7\u00e3o, passamos a observar apenas<br \/>\nas manias ou os pequenos defeitos daqueles que convivem conosco,<br \/>\nesquecendo-nos das qualidades boas que eles possuem.<br \/>\nN\u00e3o \u00e9 raro algu\u00e9m de fora nos surpreender com uma lista de virtudes dos<br \/>\nnossos filhos, que passam despercebidas aos nossos olhos.<br \/>\nOu, ent\u00e3o, um colega que elogia nosso esposo ou esposa ressaltando<br \/>\nqualidades que n\u00e3o estamos percebendo.<br \/>\nEsposas que criticam o marido porque ele n\u00e3o abre a porta do carro para ela,<br \/>\nn\u00e3o puxa a cadeira para ela se sentar, esquece o anivers\u00e1rio de casamento,<br \/>\nn\u00e3o lhe oferece flores no dia dos namorados&#8230;<br \/>\nEssas esposas n\u00e3o levam em conta que aquele mesmo homem \u00e9 um pai carinhoso,<br \/>\ndedicado, \u00e9 trabalhador, honesto, e sempre que ela precisa, ele est\u00e1 por<br \/>\nperto para ajudar.<br \/>\nH\u00e1 maridos que desvalorizam suas esposas porque n\u00e3o est\u00e3o em dia com a moda,<br \/>\nporque os cabelos brancos n\u00e3o est\u00e3o bem camuflados, porque n\u00e3o lhe d\u00e3o<br \/>\naten\u00e7\u00e3o integral quando dela necessitam&#8230;<br \/>\nEsses esposos certamente n\u00e3o se d\u00e3o conta do valor que essas mulheres t\u00eam.<br \/>\nN\u00e3o percebem quantas noites elas s\u00e3o capazes de passar acordadas, vigiando o<br \/>\nfilho doente, e enfrentar dias inteiros de trabalho exaustivo, sem reclamar.<br \/>\nN\u00e3o se d\u00e3o conta de que essas mulheres, tantas vezes, fazem verdadeiros<br \/>\nmalabarismos financeiros para poupar o marido de saber que o dinheiro do m\u00eas<br \/>\nfoi curto.<br \/>\nM\u00e3es e pais que criticam os filhos porque n\u00e3o atendem a todos os seus<br \/>\ncaprichos, ou porque nem sempre fazem as coisas como lhes determinam,<br \/>\nesquecidos de que esses garotos e garotas t\u00eam muito valor.<br \/>\nS\u00e3o jovens que prezam pela fidelidade, que respeitam opini\u00f5es contr\u00e1rias,<br \/>\nque valorizam a fam\u00edlia, que se dedicam a causas nobres, jovens saud\u00e1veis e<br \/>\ncidad\u00e3os de bem.<br \/>\nAssim, n\u00e3o fa\u00e7amos como o comerciante que queria vender seu s\u00edtio, e ao ler<br \/>\no an\u00fancio redigido por algu\u00e9m de fora, mudou de ideia.<br \/>\nTenhamos, n\u00f3s mesmos, olhos de ver, ouvidos de ouvir e sensibilidade para<br \/>\nsentir as boas qualidades e as virtudes daqueles que nos seguem mais de<br \/>\nperto.<br \/>\n* * *<br \/>\nExistem pessoas que nem sempre conseguem demonstrar seus verdadeiros<br \/>\nsentimentos.<br \/>\nTalvez por medo de uma decep\u00e7\u00e3o ou por timidez, escondem-se atr\u00e1s de uma<br \/>\ncoura\u00e7a de prote\u00e7\u00e3o que as faz sentirem-se mais seguras.<br \/>\nE essa forma de isolar-se, muitas vezes pode aparecer disfar\u00e7ada de<br \/>\nagressividade ou de comportamento antissocial.<br \/>\n\u00c9 por essa raz\u00e3o que precisamos desenvolver nossa capacidade de penetrar os<br \/>\nsentimentos das pessoas, um pouco al\u00e9m das apar\u00eancias.<\/p>\n<p>Reda\u00e7\u00e3o do Momento Esp\u00edrita<\/p>\n","protected":false},"excerpt":{"rendered":"<p>Conta-se que o dono de um pequeno com\u00e9rcio, amigo do grande poeta Olavo Bilac, abordou-o na rua e lhe falou: Sr.Bilac, estou precisando vender o meu s\u00edtio, que o senhor conhece t\u00e3o bem. Poderia redigir um an\u00fancio para o jornal? Olavo Bilac, muito sol\u00edcito, apanhou um papel e escreveu:<\/p>\n","protected":false},"author":2,"featured_media":1455,"comment_status":"open","ping_status":"open","sticky":false,"template":"","format":"standard","meta":{"footnotes":""},"categories":[4],"tags":[],"class_list":["post-1454","post","type-post","status-publish","format-standard","has-post-thumbnail","hentry","category-reflexoes"],"_links":{"self":[{"href":"https:\/\/www.gruposamaritano.com.br\/ges\/wp-json\/wp\/v2\/posts\/1454","targetHints":{"allow":["GET"]}}],"collection":[{"href":"https:\/\/www.gruposamaritano.com.br\/ges\/wp-json\/wp\/v2\/posts"}],"about":[{"href":"https:\/\/www.gruposamaritano.com.br\/ges\/wp-json\/wp\/v2\/types\/post"}],"author":[{"embeddable":true,"href":"https:\/\/www.gruposamaritano.com.br\/ges\/wp-json\/wp\/v2\/users\/2"}],"replies":[{"embeddable":true,"href":"https:\/\/www.gruposamaritano.com.br\/ges\/wp-json\/wp\/v2\/comments?post=1454"}],"version-history":[{"count":0,"href":"https:\/\/www.gruposamaritano.com.br\/ges\/wp-json\/wp\/v2\/posts\/1454\/revisions"}],"wp:featuredmedia":[{"embeddable":true,"href":"https:\/\/www.gruposamaritano.com.br\/ges\/wp-json\/wp\/v2\/media\/1455"}],"wp:attachment":[{"href":"https:\/\/www.gruposamaritano.com.br\/ges\/wp-json\/wp\/v2\/media?parent=1454"}],"wp:term":[{"taxonomy":"category","embeddable":true,"href":"https:\/\/www.gruposamaritano.com.br\/ges\/wp-json\/wp\/v2\/categories?post=1454"},{"taxonomy":"post_tag","embeddable":true,"href":"https:\/\/www.gruposamaritano.com.br\/ges\/wp-json\/wp\/v2\/tags?post=1454"}],"curies":[{"name":"wp","href":"https:\/\/api.w.org\/{rel}","templated":true}]}}