{"id":1429,"date":"2016-08-27T15:34:49","date_gmt":"2016-08-27T18:34:49","guid":{"rendered":"https:\/\/www.gruposamaritano.com.br\/ges\/?p=1429"},"modified":"2016-08-27T15:34:49","modified_gmt":"2016-08-27T18:34:49","slug":"o-desanimo","status":"publish","type":"post","link":"https:\/\/www.gruposamaritano.com.br\/ges\/2016\/08\/o-desanimo\/","title":{"rendered":"O des\u00e2nimo&#8230;"},"content":{"rendered":"<p>O des\u00e2nimo \u00e9 inimigo sutil do ser humano. Instala-se a pouco e pouco,<br \/>\nterminando por vencer as resist\u00eancias morais, que se sentem desestimuladas<br \/>\npor falta de suporte emocional para a luta.<br \/>\nS\u00e3o v\u00e1rias as causas do des\u00e2nimo. Pode ser resultante de uma enfermidade<br \/>\norg\u00e2nica, que gera perda de energia, por consequ\u00eancia, de entusiasmo pela<br \/>\nvida.<br \/>\n<!--more--><\/p>\n<p>Pode resultar de estresse decorrente de agita\u00e7\u00e3o ou de tens\u00f5es continuadas.<br \/>\nTamb\u00e9m por frustra\u00e7\u00f5es profundas, que deixam n&#8217;alma um grande vazio.<br \/>\nContudo, seja qual for a causa, o importante \u00e9 n\u00e3o se deixar envolver pelo<br \/>\ndes\u00e2nimo, desalentador e destruidor de vidas.<br \/>\nSe a causa \u00e9 a enfermidade, o estresse ou a frustra\u00e7\u00e3o, h\u00e1 que se buscar a<br \/>\nterapia conveniente.<br \/>\nPor vezes, um pequeno est\u00edmulo, um alento \u00e9 suficiente para se sair de um<br \/>\nestado de des\u00e2nimo para o de entusiasmo.<br \/>\nUm ilustre juiz contou, certa vez, um epis\u00f3dio que transformou toda a sua<br \/>\nvida. Aos 16 anos de idade, viu-se obrigado a deixar a escola e a se<br \/>\nempregar como varredor numa f\u00e1brica.<br \/>\nQuando veio a crise econ\u00f4mica da d\u00e9cada de 1930, numa tarde cinzenta, na<br \/>\nv\u00e9spera de Natal, ele foi despedido, junto com centenas de outros<br \/>\nempregados.<br \/>\nQuando saiu para a rua, ao final do turno de trabalho, foi seguindo no meio<br \/>\nde uma fila silenciosa e sombria de oper\u00e1rios.<br \/>\nEmbora adolescente, ele se sentia envelhecido num mundo sem esperan\u00e7as.<br \/>\n\u00c0 sua frente, caminhava um homem magro e mal vestido. Aquele homem tamb\u00e9m<br \/>\nfora despedido. Mas ia assobiando pelo caminho.<br \/>\nO rapaz se aproximou dele e perguntou:<br \/>\nO que voc\u00ea vai fazer agora?<br \/>\nE o desconhecido respondeu com naturalidade:<br \/>\nAcho que vou para a \u00c0frica. L\u00e1, rapaz, as estrelas sobre o deserto s\u00e3o do<br \/>\ntamanho de ameixas. Ou talvez eu v\u00e1 para o Rio de Janeiro. As luzes ali<br \/>\nsobem sem parar da praia at\u00e9 o c\u00e9u.<br \/>\nO mundo \u00e9 bem grande, rapaz, e o que h\u00e1 nele d\u00e1 de sobra para fazer qualquer<br \/>\nhomem feliz, desde que n\u00e3o tenha medo de ir aonde a cabe\u00e7a e o cora\u00e7\u00e3o o<br \/>\nlevarem.<br \/>\nPara o adolescente, aquelas palavras tiveram um grande efeito. Foi como se<br \/>\ntivesse sido aberta uma janela na parede de uma pris\u00e3o e ele pudesse ver<br \/>\natrav\u00e9s de milh\u00f5es de quil\u00f4metros.<br \/>\nFoi para casa com a cabe\u00e7a cheia de planos. Se aquele homem, bem mais maduro<br \/>\ndo que ele, tinha for\u00e7as para tecer planos para o futuro, ele, adolescente,<br \/>\ndeveria ter muito mais.<br \/>\nE, pensando assim, na semana seguinte n\u00e3o somente conseguiu encontrar um<br \/>\nmeio de se manter, como se matriculou numa escola noturna, perseguindo o seu<br \/>\nsonho que viria se tornar realidade: formar-se em Direito e seguir a<br \/>\ncarreira da magistratura. Ser juiz.<br \/>\n* * *<br \/>\nNunca ser\u00e1 demais insistir que a ora\u00e7\u00e3o \u00e9 arma poderosa para o combate ao<br \/>\ndes\u00e2nimo. Ela favorece a canaliza\u00e7\u00e3o de energias superiores, que vertem da<br \/>\nDivindade em dire\u00e7\u00e3o ao indiv\u00edduo que se encontra em atitude receptiva.<br \/>\nCom a prece, a criatura vai sentindo momentos de bem-estar e euforia. S\u00e3o<br \/>\nmomentos r\u00e1pidos, mas que pela const\u00e2ncia, v\u00e3o se fixando na criatura, at\u00e9<br \/>\nse tornarem habituais, preenchendo o vazio interior.<br \/>\nO h\u00e1bito da ora\u00e7\u00e3o sincera restitui a alegria de viver, oferecendo ao ser<br \/>\nmetas saud\u00e1veis e renovadoras, que o enriquecem de paz interior.<\/p>\n<p>Reda\u00e7\u00e3o Momento Esp\u00edrita<\/p>\n","protected":false},"excerpt":{"rendered":"<p>O des\u00e2nimo \u00e9 inimigo sutil do ser humano. Instala-se a pouco e pouco, terminando por vencer as resist\u00eancias morais, que se sentem desestimuladas por falta de suporte emocional para a luta. S\u00e3o v\u00e1rias as causas do des\u00e2nimo. Pode ser resultante de uma enfermidade org\u00e2nica, que gera perda de energia, por consequ\u00eancia, de [&hellip;]<\/p>\n","protected":false},"author":2,"featured_media":1253,"comment_status":"open","ping_status":"open","sticky":false,"template":"","format":"standard","meta":{"footnotes":""},"categories":[4],"tags":[],"class_list":["post-1429","post","type-post","status-publish","format-standard","has-post-thumbnail","hentry","category-reflexoes"],"_links":{"self":[{"href":"https:\/\/www.gruposamaritano.com.br\/ges\/wp-json\/wp\/v2\/posts\/1429","targetHints":{"allow":["GET"]}}],"collection":[{"href":"https:\/\/www.gruposamaritano.com.br\/ges\/wp-json\/wp\/v2\/posts"}],"about":[{"href":"https:\/\/www.gruposamaritano.com.br\/ges\/wp-json\/wp\/v2\/types\/post"}],"author":[{"embeddable":true,"href":"https:\/\/www.gruposamaritano.com.br\/ges\/wp-json\/wp\/v2\/users\/2"}],"replies":[{"embeddable":true,"href":"https:\/\/www.gruposamaritano.com.br\/ges\/wp-json\/wp\/v2\/comments?post=1429"}],"version-history":[{"count":0,"href":"https:\/\/www.gruposamaritano.com.br\/ges\/wp-json\/wp\/v2\/posts\/1429\/revisions"}],"wp:featuredmedia":[{"embeddable":true,"href":"https:\/\/www.gruposamaritano.com.br\/ges\/wp-json\/wp\/v2\/media\/1253"}],"wp:attachment":[{"href":"https:\/\/www.gruposamaritano.com.br\/ges\/wp-json\/wp\/v2\/media?parent=1429"}],"wp:term":[{"taxonomy":"category","embeddable":true,"href":"https:\/\/www.gruposamaritano.com.br\/ges\/wp-json\/wp\/v2\/categories?post=1429"},{"taxonomy":"post_tag","embeddable":true,"href":"https:\/\/www.gruposamaritano.com.br\/ges\/wp-json\/wp\/v2\/tags?post=1429"}],"curies":[{"name":"wp","href":"https:\/\/api.w.org\/{rel}","templated":true}]}}