{"id":1422,"date":"2016-08-23T17:49:21","date_gmt":"2016-08-23T20:49:21","guid":{"rendered":"https:\/\/www.gruposamaritano.com.br\/ges\/?p=1422"},"modified":"2016-08-23T17:49:21","modified_gmt":"2016-08-23T20:49:21","slug":"o-entendimento","status":"publish","type":"post","link":"https:\/\/www.gruposamaritano.com.br\/ges\/2016\/08\/o-entendimento\/","title":{"rendered":"O entendimento&#8230;"},"content":{"rendered":"<p>O entendimento sobre a quest\u00e3o da alimenta\u00e7\u00e3o no Mundo Espiritual \u00e9 de<br \/>\nprofunda import\u00e2ncia.<br \/>\nQuando encarnados elegemos, com exce\u00e7\u00f5es, o regime alimentar fundamentado em<br \/>\nalimentos densos e gordurosos, criando a vicia\u00e7\u00e3o f\u00edsica e o condicionamento<br \/>\npsicol\u00f3gico correspondente.<br \/>\n<!--more--><\/p>\n<p>O Benfeitor Andr\u00e9 Luiz nos d\u00e1 informa\u00e7\u00f5es a respeito da alimenta\u00e7\u00e3o dos<br \/>\ndesencarnados, falando da dificuldade que a Governadoria da col\u00f4nia Nosso<br \/>\nLar enfrentou, h\u00e1 mais de um s\u00e9culo, para realinhar os costumes dos rec\u00e9m<br \/>\nchegados, na cria\u00e7\u00e3o de nova cultura comportamental atrav\u00e9s de cursos, \u201c\u2026 a<br \/>\nfim de espalharem novos conhecimentos, relativos \u00e0 ci\u00eancia da respira\u00e7\u00e3o e<br \/>\nda absor\u00e7\u00e3o de princ\u00edpios vitais da atmosfera\u201d. (1) Como mudan\u00e7as<br \/>\ncomportamentais exigem esfor\u00e7o e abnega\u00e7\u00e3o, um grande n\u00famero de<br \/>\ndesencarnados reagiu, \u201c\u2026 alegando que a cidade \u00e9 de transi\u00e7\u00e3o e que n\u00e3o<br \/>\nseria justo, nem poss\u00edvel, desambientar imediatamente os homens<br \/>\ndesencarnados, mediante exig\u00eancias desse teor, sem grave perigo para suas<br \/>\norganiza\u00e7\u00f5es espirituais\u201d. (1) Por fim, ap\u00f3s muitos anos, e com ajuda dos<br \/>\nc\u00edrculos espirituais do Alto, os processos de alimenta\u00e7\u00e3o da Col\u00f4nia \u201c\u2026<br \/>\nforam reduzidos \u00e0 inala\u00e7\u00e3o de princ\u00edpios vitais da atmosfera, atrav\u00e9s da<br \/>\nrespira\u00e7\u00e3o, e \u00e1gua misturada a elementos solares, el\u00e9tricos e magn\u00e9ticos\u201d.<br \/>\nA mudan\u00e7a \u00e9 significativa, e merece nossas reflex\u00f5es a respeito, porque, se<br \/>\nnos dias de encarnados j\u00e1 temos esclarecimentos sobre o impacto nocivo da<br \/>\nalimenta\u00e7\u00e3o excessiva no corpo f\u00edsico, preciso \u00e9 que nos conscientizemos<br \/>\nacerca do tipo de alimenta\u00e7\u00e3o que nos aguarda no Mundo Espiritual<br \/>\norganizado.<br \/>\nAndr\u00e9 Luiz volta ao assunto em o livro Evolu\u00e7\u00e3o em dois Mundos:<br \/>\nEncarecendo a import\u00e2ncia da respira\u00e7\u00e3o no sustento do corpo espiritual,<br \/>\nbasta lembrar a hematose no corpo f\u00edsico,\u2026 atendendo \u00e0 assimila\u00e7\u00e3o e<br \/>\ndesassimila\u00e7\u00e3o de variadas atividades qu\u00edmicas no campo org\u00e2nico.<br \/>\nO oxig\u00eanio que alcan\u00e7a os tecidos entra em combina\u00e7\u00e3o com determinados<br \/>\nelementos, dando, em resultado, o anidrido carb\u00f4nico e a \u00e1gua, com produ\u00e7\u00e3o<br \/>\nde energia destinada \u00e0 manuten\u00e7\u00e3o das prov\u00edncias som\u00e1ticas.<br \/>\nEstudando a respira\u00e7\u00e3o celular, encontraremos, junto aos pr\u00f3prios arraiais<br \/>\nda ci\u00eancia humana, problemas somente equacion\u00e1veis com a inger\u00eancia<br \/>\nautom\u00e1tica do corpo espiritual nas fun\u00e7\u00f5es do ve\u00edculo f\u00edsico, porque os<br \/>\nfen\u00f4menos que lhe s\u00e3o consequentes se graduam em tantas fases diversas que o<br \/>\nfisiologista, sem no\u00e7\u00f5es do Esp\u00edrito, abord\u00e1-los-\u00e1 sempre com a perplexidade<br \/>\nde quem atinge o insol\u00favel.<br \/>\n\u00c9 que o corpo espiritual, comandando o corpo f\u00edsico, sana espontaneamente,<br \/>\nquando harmonizado em suas pr\u00f3prias fun\u00e7\u00f5es, todos os desequil\u00edbrios<br \/>\nacidentais nos processos metab\u00f3licos, presidindo as rea\u00e7\u00f5es do campo<br \/>\nnutritivo comum.<br \/>\nN\u00e3o ignoramos, desse modo, que desde a experi\u00eancia carnal o homem se<br \/>\nalimenta muito mais pela respira\u00e7\u00e3o, colhendo o alimento de volume<br \/>\nsimplesmente como recurso complementar de fornecimento pl\u00e1stico e<br \/>\nenerg\u00e9tico, para o setor das calorias necess\u00e1rias \u00e0 massa corp\u00f3rea e \u00e0<br \/>\ndistribui\u00e7\u00e3o dos potenciais de for\u00e7a nos variados departamentos org\u00e2nicos.<br \/>\nAbandonado o envolt\u00f3rio f\u00edsico na desencarna\u00e7\u00e3o, se o psicossoma est\u00e1<br \/>\nprofundamente arraigado \u00e0s sensa\u00e7\u00f5es terrestres, sobrev\u00e9m ao Esp\u00edrito a<br \/>\nnecessidade inquietante de prosseguir atrelado ao mundo biol\u00f3gico que lhe \u00e9<br \/>\nfamiliar,e, quando n\u00e3o a supera ao pre\u00e7o do pr\u00f3prio esfor\u00e7o, no auto<br \/>\nreajustamento, provoca os fen\u00f4menos da simbiose ps\u00edquica, que o levam a<br \/>\nconviver, temporariamente, no halo vital daqueles encarnados com os quais se<br \/>\nafine, quando n\u00e3o promove a obsess\u00e3o espetacular.<br \/>\nNa maioria das vezes, os desencarnados em crise dessa ordem s\u00e3o conduzidos<br \/>\npelos agentes da Bondade Divina aos centros de reeduca\u00e7\u00e3o do Plano<br \/>\nEspiritual, onde encontram alimenta\u00e7\u00e3o semelhante \u00e0 da Terra, por\u00e9m<br \/>\nflu\u00eddica, recebendo-a em por\u00e7\u00f5es adequadas at\u00e9 que se adaptem aos sistemas<br \/>\nde sua tenta\u00e7\u00e3o da Esfera Superior, em cujos c\u00edrculos a tomada de subst\u00e2ncia<br \/>\n\u00e9 tanto menor e tanto mais leve quanto maior se evidencie o enobrecimento da<br \/>\nalma, porquanto, pela difus\u00e3o cut\u00e2nea, o corpo espiritual, atrav\u00e9s de sua<br \/>\nextrema porosidade, nutre-se de produtos sutilizados ou s\u00ednteses<br \/>\nquimioeletromagn\u00e9ticas, hauridas no reservat\u00f3rio da Natureza e no<br \/>\ninterc\u00e2mbio de raios vitalizantes e reconstituintes do amor com que os seres<br \/>\nse sustentam entre si.<br \/>\nEssa alimenta\u00e7\u00e3o ps\u00edquica, por interm\u00e9dio das proje\u00e7\u00f5es magn\u00e9ticas trocadas<br \/>\nentre aqueles que se amam, \u00e9 muito mais importante que o nutricionista do<br \/>\nmundo possa imaginar, de vez que, por ela, se origina a ideal euforia<br \/>\norg\u00e2nica e mental da personalidade. Da\u00ed porque toda criatura tem necessidade<br \/>\nde amar e receber amor para que se lhe mantenha o equil\u00edbrio geral.<br \/>\nDe qualquer modo, por\u00e9m, o corpo espiritual com alguma provis\u00e3o de<br \/>\nsubst\u00e2ncia espec\u00edfica ou simplesmente sem ela, quando j\u00e1 consiga valer-se<br \/>\napenas da difus\u00e3o cut\u00e2nea para refazer seus potenciais energ\u00e9ticos, conta<br \/>\ncom os processos da assimila\u00e7\u00e3o e da desassimila\u00e7\u00e3o dos recursos que lhe s\u00e3o<br \/>\npeculiares, n\u00e3o prescindindo do trabalho de exsuda\u00e7\u00e3o dos res\u00edduos, pela<br \/>\nepiderme ou pelos emunct\u00f3rios normais, compreendendo-se, no entanto, que<br \/>\npela harmonia de n\u00edvel, nas opera\u00e7\u00f5es nutritivas, e pela essencializa\u00e7\u00e3o dos<br \/>\nelementos absorvidos, n\u00e3o existem para o ve\u00edculo psicossom\u00e1tico determinados<br \/>\nexcessos e inconveni\u00eancias dos s\u00f3lidos e l\u00edquidos da excreta comum. (2)<br \/>\nPensemos nisso.<\/p>\n<p>Ant\u00f4nio Carlos Navarro<br \/>\nRefer\u00eancias:<br \/>\n(1) Nosso Lar, F. C. Xavier\/ Andr\u00e9 Luiz, cap. 9; e<br \/>\n(2) Evolu\u00e7\u00e3o em Dois Mundos, F. C. Xavier\/ Andr\u00e9 Luiz, 2\u00aa parte, cap. 21.<\/p>\n","protected":false},"excerpt":{"rendered":"<p>O entendimento sobre a quest\u00e3o da alimenta\u00e7\u00e3o no Mundo Espiritual \u00e9 de profunda import\u00e2ncia. Quando encarnados elegemos, com exce\u00e7\u00f5es, o regime alimentar fundamentado em alimentos densos e gordurosos, criando a vicia\u00e7\u00e3o f\u00edsica e o condicionamento psicol\u00f3gico correspondente.<\/p>\n","protected":false},"author":2,"featured_media":1244,"comment_status":"open","ping_status":"open","sticky":false,"template":"","format":"standard","meta":{"footnotes":""},"categories":[4],"tags":[],"class_list":["post-1422","post","type-post","status-publish","format-standard","has-post-thumbnail","hentry","category-reflexoes"],"_links":{"self":[{"href":"https:\/\/www.gruposamaritano.com.br\/ges\/wp-json\/wp\/v2\/posts\/1422","targetHints":{"allow":["GET"]}}],"collection":[{"href":"https:\/\/www.gruposamaritano.com.br\/ges\/wp-json\/wp\/v2\/posts"}],"about":[{"href":"https:\/\/www.gruposamaritano.com.br\/ges\/wp-json\/wp\/v2\/types\/post"}],"author":[{"embeddable":true,"href":"https:\/\/www.gruposamaritano.com.br\/ges\/wp-json\/wp\/v2\/users\/2"}],"replies":[{"embeddable":true,"href":"https:\/\/www.gruposamaritano.com.br\/ges\/wp-json\/wp\/v2\/comments?post=1422"}],"version-history":[{"count":0,"href":"https:\/\/www.gruposamaritano.com.br\/ges\/wp-json\/wp\/v2\/posts\/1422\/revisions"}],"wp:featuredmedia":[{"embeddable":true,"href":"https:\/\/www.gruposamaritano.com.br\/ges\/wp-json\/wp\/v2\/media\/1244"}],"wp:attachment":[{"href":"https:\/\/www.gruposamaritano.com.br\/ges\/wp-json\/wp\/v2\/media?parent=1422"}],"wp:term":[{"taxonomy":"category","embeddable":true,"href":"https:\/\/www.gruposamaritano.com.br\/ges\/wp-json\/wp\/v2\/categories?post=1422"},{"taxonomy":"post_tag","embeddable":true,"href":"https:\/\/www.gruposamaritano.com.br\/ges\/wp-json\/wp\/v2\/tags?post=1422"}],"curies":[{"name":"wp","href":"https:\/\/api.w.org\/{rel}","templated":true}]}}