{"id":1406,"date":"2016-07-22T19:44:21","date_gmt":"2016-07-22T22:44:21","guid":{"rendered":"https:\/\/www.gruposamaritano.com.br\/ges\/?p=1406"},"modified":"2016-07-22T19:44:21","modified_gmt":"2016-07-22T22:44:21","slug":"ja-nao-tenho-tempo","status":"publish","type":"post","link":"https:\/\/www.gruposamaritano.com.br\/ges\/2016\/07\/ja-nao-tenho-tempo\/","title":{"rendered":"J\u00e1 n\u00e3o tenho tempo&#8230;"},"content":{"rendered":"<p>Contei meus anos e descobri que terei menos tempo para viver daqui para<br \/>\nfrente do que j\u00e1 vivi at\u00e9 agora.<br \/>\nSinto-me como aquele menino que ganhou uma bacia de jabuticabas. As<br \/>\nprimeiras, ele chupou displicente, mas percebendo que faltavam poucas, r\u00f3i o<br \/>\ncaro\u00e7o.<br \/>\n<!--more--><\/p>\n<p>J\u00e1 n\u00e3o tenho tempo para lidar com mediocridades.<br \/>\nN\u00e3o quero estar em reuni\u00f5es onde desfilam egos inflados.<br \/>\nInquieto-me com invejosos tentando destruir quem eles admiram, cobi\u00e7ando<br \/>\nseus lugares, talentos e sorte.<br \/>\nJ\u00e1 n\u00e3o tenho tempo para projetos megaloman\u00edacos.<br \/>\nJ\u00e1 n\u00e3o tenho tempo para conversas intermin\u00e1veis para discutir assuntos<br \/>\nin\u00fateis sobre vidas alheias que nem fazem parte da minha.<br \/>\nJ\u00e1 n\u00e3o tenho tempo para administrar melindres de pessoas que, apesar da<br \/>\nidade cronol\u00f3gica, s\u00e3o imaturas.<br \/>\nDetesto fazer acarea\u00e7\u00e3o de desafetos que brigaram pelo majestoso cargo de<br \/>\nsecret\u00e1rio geral do coral ou semelhante bobagem, seja ela qual for.<br \/>\nMeu tempo tornou-se escasso para debater r\u00f3tulos, quero a ess\u00eancia, minha<br \/>\nalma tem pressa&#8230;<br \/>\nSem muitas jabuticabas na bacia, quero viver ao lado de gente humana, muito<br \/>\nhumana; que sabe rir de seus trope\u00e7os, n\u00e3o se encanta com triunfos, n\u00e3o se<br \/>\nconsidera eleita antes da hora, n\u00e3o foge de sua mortalidade, defende a<br \/>\ndignidade dos marginalizados, e deseja t\u00e3o somente andar ao lado de deus.<br \/>\nCaminhar perto de coisas e pessoas de verdade, desfrutar desse amor<br \/>\nabsolutamente sem fraudes, nunca ser\u00e1 perda de tempo. O essencial faz a vida<br \/>\nvaler a pena. Basta o essencial!<\/p>\n<p>Rubem Alvez<\/p>\n","protected":false},"excerpt":{"rendered":"<p>Contei meus anos e descobri que terei menos tempo para viver daqui para frente do que j\u00e1 vivi at\u00e9 agora. Sinto-me como aquele menino que ganhou uma bacia de jabuticabas. As primeiras, ele chupou displicente, mas percebendo que faltavam poucas, r\u00f3i o caro\u00e7o.<\/p>\n","protected":false},"author":2,"featured_media":584,"comment_status":"open","ping_status":"open","sticky":false,"template":"","format":"standard","meta":{"footnotes":""},"categories":[4],"tags":[],"class_list":["post-1406","post","type-post","status-publish","format-standard","has-post-thumbnail","hentry","category-reflexoes"],"_links":{"self":[{"href":"https:\/\/www.gruposamaritano.com.br\/ges\/wp-json\/wp\/v2\/posts\/1406","targetHints":{"allow":["GET"]}}],"collection":[{"href":"https:\/\/www.gruposamaritano.com.br\/ges\/wp-json\/wp\/v2\/posts"}],"about":[{"href":"https:\/\/www.gruposamaritano.com.br\/ges\/wp-json\/wp\/v2\/types\/post"}],"author":[{"embeddable":true,"href":"https:\/\/www.gruposamaritano.com.br\/ges\/wp-json\/wp\/v2\/users\/2"}],"replies":[{"embeddable":true,"href":"https:\/\/www.gruposamaritano.com.br\/ges\/wp-json\/wp\/v2\/comments?post=1406"}],"version-history":[{"count":0,"href":"https:\/\/www.gruposamaritano.com.br\/ges\/wp-json\/wp\/v2\/posts\/1406\/revisions"}],"wp:featuredmedia":[{"embeddable":true,"href":"https:\/\/www.gruposamaritano.com.br\/ges\/wp-json\/wp\/v2\/media\/584"}],"wp:attachment":[{"href":"https:\/\/www.gruposamaritano.com.br\/ges\/wp-json\/wp\/v2\/media?parent=1406"}],"wp:term":[{"taxonomy":"category","embeddable":true,"href":"https:\/\/www.gruposamaritano.com.br\/ges\/wp-json\/wp\/v2\/categories?post=1406"},{"taxonomy":"post_tag","embeddable":true,"href":"https:\/\/www.gruposamaritano.com.br\/ges\/wp-json\/wp\/v2\/tags?post=1406"}],"curies":[{"name":"wp","href":"https:\/\/api.w.org\/{rel}","templated":true}]}}