{"id":1401,"date":"2016-07-21T12:05:56","date_gmt":"2016-07-21T15:05:56","guid":{"rendered":"https:\/\/www.gruposamaritano.com.br\/ges\/?p=1401"},"modified":"2016-07-21T12:05:56","modified_gmt":"2016-07-21T15:05:56","slug":"perdendo-o-brilho","status":"publish","type":"post","link":"https:\/\/www.gruposamaritano.com.br\/ges\/2016\/07\/perdendo-o-brilho\/","title":{"rendered":"Perdendo o Brilho&#8230;"},"content":{"rendered":"<p>Era uma vez uma navalha de excelente qualidade, que morava numa barbearia.<br \/>\nCerto dia em que a loja estava vazia, ela resolveu dar uma voltinha.<br \/>\nSoltou-se do cabo e saiu para apreciar o lindo dia de primavera.<br \/>\nQuando a navalha viu o reflexo do sol em si mesma, ficou surpresa e<br \/>\nencantada.<br \/>\n<!--more--><\/p>\n<p>A l\u00e2mina de a\u00e7o lan\u00e7ava uma luz t\u00e3o brilhante que, subitamente, com<br \/>\nexcessivo orgulho, ela decidiu:<br \/>\n\u201cEu n\u00e3o vou voltar para aquela loja de onde acabei de fugir. \u00c9 claro que<br \/>\nn\u00e3o! Deus n\u00e3o pode querer que uma beleza tal como a minha seja desonrada<br \/>\ndessa maneira.<br \/>\nSeria loucura ficar aqui cortando as barbas ensaboadas daqueles camponeses,<br \/>\nrepetindo sem cessar a mesma tarefa mec\u00e2nica!<br \/>\nSer\u00e1 que minha beleza foi realmente feita para um trabalho desses?<br \/>\nCertamente n\u00e3o! Vou me esconder num local secreto e passar o resto da vida<br \/>\nem paz.\u201d<br \/>\nEm seguida foi procurar um esconderijo onde ningu\u00e9m a visse.<br \/>\nPassaram-se meses. Um dia, a navalha teve vontade de respirar ar fresco.<br \/>\nSaiu cautelosamente de seu ref\u00fagio e olhou para si mesma.<br \/>\nDeu-se conta de que algo terr\u00edvel lhe acontecera. A l\u00e2mina estava horrorosa,<br \/>\nparecendo uma serra enferrujada, e n\u00e3o refletia mais a luz do sol.<br \/>\nFicou muito arrependida pelo que havia feito, e lamentou amargamente a<br \/>\nirrepar\u00e1vel perda.<br \/>\n\u201cComo teria sido melhor se eu tivesse conservado em forma a minha linda<br \/>\nl\u00e2mina, cortando barbas ensaboadas! Minha superf\u00edcie teria permanecido<br \/>\nbrilhante e minha borda afiada!<br \/>\nAgora, aqui estou eu, toda corro\u00edda e coberta de uma horr\u00edvel ferrugem! E<br \/>\nn\u00e3o h\u00e1 nada a fazer!\u201d<br \/>\n* * *<br \/>\nO triste fim da navalha \u00e9 o mesmo que nos pode suceder quando nos permitimos<br \/>\na pregui\u00e7a, quando deixamos de utilizar nossos talentos.<br \/>\nTalento n\u00e3o utilizado se embrutece, se perde.<br \/>\nAdmiramos os bailarinos, em suas performances impec\u00e1veis. No entanto, n\u00e3o<br \/>\npodem se permitir o abandono dos treinos di\u00e1rios, dos exerc\u00edcios<br \/>\ncontinuados.<br \/>\nDe igual forma, os acrobatas, os ginastas.<br \/>\nSe relaxarem, logo perder\u00e3o a elasticidade dos m\u00fasculos, a plasticidade dos<br \/>\nmovimentos.<br \/>\nAssim tamb\u00e9m quem escreve, se deixa de faz\u00ea-lo, perde a leveza da forma, a<br \/>\npossibilidade m\u00e1gica de juntar letras e criar poesia, compor romances.<br \/>\nSe desatendemos do estudo, nossa capacidade de racioc\u00ednio declina.<br \/>\nIsso quer dizer que quanto mais lemos, pesquisamos, mais aprimoramos nossa<br \/>\nmente, agilizamos nossos pensamentos.<br \/>\nO s\u00e1bio homem de Nazar\u00e9 lecionou, na par\u00e1bola dos talentos essa profunda<br \/>\nli\u00e7\u00e3o, narrando a diferen\u00e7a entre aqueles que utilizaram seus talentos e os<br \/>\nmultiplicaram e o que optou por enterrar o seu, vindo a perd\u00ea-lo.<br \/>\nPor isso \u00e9 que, por vezes, desacostumados a ler, a estudar, vamos<br \/>\nregistrando defici\u00eancia gradual da mem\u00f3ria, como se nossa capacidade fosse<br \/>\nenferrujando.<br \/>\n\u00c9 assim que o trabalho, essa ocupa\u00e7\u00e3o \u00fatil, faz tanto bem ao corpo e \u00e0 alma.<br \/>\nNa forja da atividade f\u00edsica ou intelectual, aprimoramos corpo e mente,<br \/>\nampliamos possibilidades, crescemos em capacidades.<br \/>\nDessa forma, o convite se faz para a leitura, o estudo, a pesquisa, a<br \/>\natividade f\u00edsica, como meios de nos mantermos saud\u00e1veis, de corpo e alma.<\/p>\n<p>Reda\u00e7\u00e3o do Momento Esp\u00edrita, com base no cap.<br \/>\nA navalha, do livro F\u00e1bulas e lendas, de Leonardoda Vinci, ed. Salamandra <\/p>\n","protected":false},"excerpt":{"rendered":"<p>Era uma vez uma navalha de excelente qualidade, que morava numa barbearia. Certo dia em que a loja estava vazia, ela resolveu dar uma voltinha. Soltou-se do cabo e saiu para apreciar o lindo dia de primavera. Quando a navalha viu o reflexo do sol em si mesma, ficou surpresa e encantada.<\/p>\n","protected":false},"author":2,"featured_media":561,"comment_status":"open","ping_status":"open","sticky":false,"template":"","format":"standard","meta":{"footnotes":""},"categories":[4],"tags":[],"class_list":["post-1401","post","type-post","status-publish","format-standard","has-post-thumbnail","hentry","category-reflexoes"],"_links":{"self":[{"href":"https:\/\/www.gruposamaritano.com.br\/ges\/wp-json\/wp\/v2\/posts\/1401","targetHints":{"allow":["GET"]}}],"collection":[{"href":"https:\/\/www.gruposamaritano.com.br\/ges\/wp-json\/wp\/v2\/posts"}],"about":[{"href":"https:\/\/www.gruposamaritano.com.br\/ges\/wp-json\/wp\/v2\/types\/post"}],"author":[{"embeddable":true,"href":"https:\/\/www.gruposamaritano.com.br\/ges\/wp-json\/wp\/v2\/users\/2"}],"replies":[{"embeddable":true,"href":"https:\/\/www.gruposamaritano.com.br\/ges\/wp-json\/wp\/v2\/comments?post=1401"}],"version-history":[{"count":0,"href":"https:\/\/www.gruposamaritano.com.br\/ges\/wp-json\/wp\/v2\/posts\/1401\/revisions"}],"wp:featuredmedia":[{"embeddable":true,"href":"https:\/\/www.gruposamaritano.com.br\/ges\/wp-json\/wp\/v2\/media\/561"}],"wp:attachment":[{"href":"https:\/\/www.gruposamaritano.com.br\/ges\/wp-json\/wp\/v2\/media?parent=1401"}],"wp:term":[{"taxonomy":"category","embeddable":true,"href":"https:\/\/www.gruposamaritano.com.br\/ges\/wp-json\/wp\/v2\/categories?post=1401"},{"taxonomy":"post_tag","embeddable":true,"href":"https:\/\/www.gruposamaritano.com.br\/ges\/wp-json\/wp\/v2\/tags?post=1401"}],"curies":[{"name":"wp","href":"https:\/\/api.w.org\/{rel}","templated":true}]}}