{"id":1397,"date":"2016-07-19T16:54:50","date_gmt":"2016-07-19T19:54:50","guid":{"rendered":"https:\/\/www.gruposamaritano.com.br\/ges\/?p=1397"},"modified":"2016-07-19T16:54:50","modified_gmt":"2016-07-19T19:54:50","slug":"nao-quero-alguem","status":"publish","type":"post","link":"https:\/\/www.gruposamaritano.com.br\/ges\/2016\/07\/nao-quero-alguem\/","title":{"rendered":"N\u00e3o quero algu\u00e9m&#8230;"},"content":{"rendered":"<p>N\u00e3o quero algu\u00e9m que morra de amor por mim&#8230;<br \/>\nS\u00f3 preciso de algu\u00e9m que viva por mim, que queira estar junto de mim, me<br \/>\nabra\u00e7ando.<br \/>\nN\u00e3o exijo que esse algu\u00e9m me ame como eu o amo, quero apenas que me ame, n\u00e3o<br \/>\nme importando com que intensidade.<\/p>\n<p><!--more--><\/p>\n<p>N\u00e3o tenho a pretens\u00e3o de que todas as pessoas que gosto, gostem de mim&#8230;<br \/>\nNem que eu fa\u00e7a a falta que elas me fazem, o importante pra mim \u00e9 saber que<br \/>\neu, em algum momento, fui insubstitu\u00edvel&#8230;<br \/>\nE que esse momento ser\u00e1 inesquec\u00edvel&#8230;<br \/>\nS\u00f3 quero que meu sentimento seja valorizado.<\/p>\n<p>Quero sempre poder ter um sorriso estampando em meu rosto, mesmo quando a<br \/>\nsitua\u00e7\u00e3o n\u00e3o for muito alegre&#8230;<br \/>\nE que esse meu sorriso consiga transmitir paz para os que estiverem ao meu<br \/>\nredor.<br \/>\nQuero poder fechar meus olhos e imaginar algu\u00e9m&#8230;<br \/>\nE poder ter a absoluta certeza de que esse algu\u00e9m tamb\u00e9m pensa em mim quando<br \/>\nfecha os olhos, que fa\u00e7o falta quando n\u00e3o estou por perto.<\/p>\n<p>Queria ter a certeza de que apesar de minhas ren\u00fancias e loucuras, algu\u00e9m me<br \/>\nvaloriza pelo que sou, n\u00e3o pelo que tenho&#8230;<br \/>\nQue me veja como um ser humano completo, que abusa demais dos bons<br \/>\nsentimentos que a vida lhe proporciona, que d\u00ea valor ao que realmente<br \/>\nimporta, que \u00e9 meu sentimento&#8230;<br \/>\nE n\u00e3o brinque com ele.<br \/>\nE que esse algu\u00e9m me pe\u00e7a para que eu nunca mude, para que eu nunca cres\u00e7a,<br \/>\npara que eu seja sempre eu mesmo.<\/p>\n<p>N\u00e3o quero brigar com o mundo, mas se um dia isso acontecer, quero ter for\u00e7as<br \/>\nsuficientes para mostrar a ele que o amor existe&#8230;<br \/>\nQue ele \u00e9 superior ao \u00f3dio e ao rancor, e que n\u00e3o existe vit\u00f3ria sem<br \/>\nhumildade e paz.<br \/>\nQuero poder acreditar que mesmo se hoje eu fracassar, amanh\u00e3 ser\u00e1 outro dia,<br \/>\ne se eu n\u00e3o desistir dos meus sonhos e prop\u00f3sitos, talvez obterei \u00eaxito e<br \/>\nserei plenamente feliz.<\/p>\n<p>Que eu nunca deixe minha esperan\u00e7a ser abalada por palavras pessimistas&#8230;<br \/>\nQue a esperan\u00e7a nunca me pare\u00e7a um &#8220;n\u00e3o&#8221; que a gente teima em maqui\u00e1-lo de<br \/>\nverde e entend\u00ea-lo como &#8220;sim&#8221;.<\/p>\n<p>Quero poder ter a liberdade de dizer o que sinto a uma pessoa, de poder<br \/>\ndizer a algu\u00e9m o quanto ela \u00e9 especial e importante pra mim, sem ter de me<br \/>\npreocupar com terceiros&#8230;<br \/>\nSem correr o risco de ferir uma ou mais pessoas com esse sentimento.<\/p>\n<p>Quero, um dia, poder dizer \u00e0s pessoas que nada foi em v\u00e3o&#8230;<br \/>\nQue o amor existe, que vale a pena se doar \u00e0s amizades a \u00e0s pessoas, que a<br \/>\nvida \u00e9 bela sim, e que eu sempre dei o melhor de mim&#8230;e que valeu a pena!!!<br \/>\nMario Quintana<\/p>\n","protected":false},"excerpt":{"rendered":"<p>N\u00e3o quero algu\u00e9m que morra de amor por mim&#8230; S\u00f3 preciso de algu\u00e9m que viva por mim, que queira estar junto de mim, me abra\u00e7ando. N\u00e3o exijo que esse algu\u00e9m me ame como eu o amo, quero apenas que me ame, n\u00e3o me importando com que intensidade.<\/p>\n","protected":false},"author":2,"featured_media":736,"comment_status":"open","ping_status":"open","sticky":false,"template":"","format":"standard","meta":{"footnotes":""},"categories":[4],"tags":[],"class_list":["post-1397","post","type-post","status-publish","format-standard","has-post-thumbnail","hentry","category-reflexoes"],"_links":{"self":[{"href":"https:\/\/www.gruposamaritano.com.br\/ges\/wp-json\/wp\/v2\/posts\/1397","targetHints":{"allow":["GET"]}}],"collection":[{"href":"https:\/\/www.gruposamaritano.com.br\/ges\/wp-json\/wp\/v2\/posts"}],"about":[{"href":"https:\/\/www.gruposamaritano.com.br\/ges\/wp-json\/wp\/v2\/types\/post"}],"author":[{"embeddable":true,"href":"https:\/\/www.gruposamaritano.com.br\/ges\/wp-json\/wp\/v2\/users\/2"}],"replies":[{"embeddable":true,"href":"https:\/\/www.gruposamaritano.com.br\/ges\/wp-json\/wp\/v2\/comments?post=1397"}],"version-history":[{"count":0,"href":"https:\/\/www.gruposamaritano.com.br\/ges\/wp-json\/wp\/v2\/posts\/1397\/revisions"}],"wp:featuredmedia":[{"embeddable":true,"href":"https:\/\/www.gruposamaritano.com.br\/ges\/wp-json\/wp\/v2\/media\/736"}],"wp:attachment":[{"href":"https:\/\/www.gruposamaritano.com.br\/ges\/wp-json\/wp\/v2\/media?parent=1397"}],"wp:term":[{"taxonomy":"category","embeddable":true,"href":"https:\/\/www.gruposamaritano.com.br\/ges\/wp-json\/wp\/v2\/categories?post=1397"},{"taxonomy":"post_tag","embeddable":true,"href":"https:\/\/www.gruposamaritano.com.br\/ges\/wp-json\/wp\/v2\/tags?post=1397"}],"curies":[{"name":"wp","href":"https:\/\/api.w.org\/{rel}","templated":true}]}}