{"id":1375,"date":"2016-06-29T11:17:42","date_gmt":"2016-06-29T14:17:42","guid":{"rendered":"https:\/\/www.gruposamaritano.com.br\/ges\/?p=1375"},"modified":"2016-06-29T11:17:42","modified_gmt":"2016-06-29T14:17:42","slug":"um-homem-estava-perdido-em-um-deserto","status":"publish","type":"post","link":"https:\/\/www.gruposamaritano.com.br\/ges\/2016\/06\/um-homem-estava-perdido-em-um-deserto\/","title":{"rendered":"Um homem estava perdido em um deserto&#8230;"},"content":{"rendered":"<p>Um homem estava perdido em um deserto, sem esperan\u00e7as de l\u00e1 sair&#8230; Mesmo<br \/>\nassim, ele se p\u00f4s a caminhar&#8230;<br \/>\nO calor era insuport\u00e1vel&#8230;<br \/>\nE ele estava ficando cansado&#8230;<\/p>\n<p><!--more--><\/p>\n<p>De repente ele viu dois animais:<br \/>\nUm camelo velho<br \/>\nE um jovem cavalo<\/p>\n<p>E pensou:<br \/>\n&#8211; Vou montar em um dos dois&#8230; certamente, conseguirei sair daqui&#8230;<\/p>\n<p>Ele avaliou os dois animais e chegou  conclus\u00e3o que montaria o cavalo, que,<br \/>\npor ser mais jovem, provavelmente seria mais r\u00e1pido&#8230;<br \/>\nE assim o fez&#8230;<br \/>\nEle montou o cavalo e saiu em disparada&#8230;<\/p>\n<p>H\u00e1 certa dist\u00e2ncia, ele olhou para tr\u00e1s e pensou:<br \/>\n&#8211; Pobre camelo velho&#8230; Ir\u00e1 morrer nesse deserto&#8230;<\/p>\n<p>Assim, ele olhou para frente com confian\u00e7a e seguiu cavalgando&#8230;<\/p>\n<p>O cavalo era mesmo r\u00e1pido e corria muito, mas, De certa forma, parecia que<br \/>\nele nunca chegava a lugar algum&#8230;<br \/>\nE pior&#8230; Ele parecia estar andando em c\u00edrculos&#8230;<\/p>\n<p>Com o tempo, o homem e o cavalo estavam ficando \u201cesgotados\u201d&#8230;<br \/>\nO cavalo que era r\u00e1pido diminuiu seus passos e o homem ficou sem for\u00e7as&#8230;<br \/>\nMas um milagre aconteceu&#8230;<\/p>\n<p>Frente \u00e1 eles, h\u00e1 cerca de 500 metros, o homem avistou um o\u00e1sis.<\/p>\n<p>Embora muito fracos o cavalo e o homem foram em dire\u00e7\u00e3o ao salvador o\u00e1sis&#8230;<br \/>\nMas, sem for\u00e7as, o cavalo tombou e ambos ca\u00edram&#8230;<br \/>\nEstavam t\u00e3o cansados que nem o homem nem o cavalo conseguiram se levantar&#8230;<\/p>\n<p>E l\u00e1 ficaram, ca\u00eddos, vendo \u00e1 dist\u00e2ncia, o o\u00e1sis que salvaria suas vidas&#8230;<\/p>\n<p>De repente, eles avistaram chegando o velho camelo, com seu andar vagaroso<br \/>\npassar&#8230;<br \/>\nLento, por\u00e9m firme&#8230;<br \/>\nDesajeitado, por\u00e9m consistente&#8230;<br \/>\nE l\u00e1 foi o camelo em dire\u00e7\u00e3o ao o\u00e1sis&#8230;<\/p>\n<p>O homem viu o camelo chegar e beber a \u00e1gua&#8230;<br \/>\nNesse momento ele pensou:<br \/>\n&#8211; Como fui tolo&#8230; Fiz a escolha errada&#8230; por isso, agora morrerei&#8230;<\/p>\n<p>Dessa forma, s\u00e3o os homens: perdidos no deserto da ignor\u00e2ncia&#8230; Que<br \/>\nescolhem pela: apar\u00eancia, for\u00e7a e facilidade&#8230;<\/p>\n<p>O cavalo s\u00e3o as ideias e escravid\u00f5es mentais que se espalham pelo deserto.<br \/>\nEssas ideias e seus autores carregam \u201cmassas\u201d de desesperados \u201cperdidos no<br \/>\ndeserto\u201d, para uma queda eminente, antes do objetivo final&#8230;<\/p>\n<p>O camelo \u00e9 s\u00e1bio.<\/p>\n<p>Nunca depende de: for\u00e7a, beleza ou facilidades para se chegar ao o\u00e1sis&#8230;<br \/>\nEle est\u00e1 sempre pronto a ajudar os desesperados que est\u00e3o \u201cperdidos no<br \/>\ndeserto\u201d, mas, que n\u00e3o dependem destes para chegar onde precisam&#8230;<\/p>\n<p>S\u00e3o os camelos: velhos s\u00e1bios a percorrer o deserto de ilus\u00f5es&#8230;<\/p>\n","protected":false},"excerpt":{"rendered":"<p>Um homem estava perdido em um deserto, sem esperan\u00e7as de l\u00e1 sair&#8230; Mesmo assim, ele se p\u00f4s a caminhar&#8230; O calor era insuport\u00e1vel&#8230; E ele estava ficando cansado&#8230;<\/p>\n","protected":false},"author":2,"featured_media":1376,"comment_status":"open","ping_status":"open","sticky":false,"template":"","format":"standard","meta":{"footnotes":""},"categories":[4],"tags":[],"class_list":["post-1375","post","type-post","status-publish","format-standard","has-post-thumbnail","hentry","category-reflexoes"],"_links":{"self":[{"href":"https:\/\/www.gruposamaritano.com.br\/ges\/wp-json\/wp\/v2\/posts\/1375","targetHints":{"allow":["GET"]}}],"collection":[{"href":"https:\/\/www.gruposamaritano.com.br\/ges\/wp-json\/wp\/v2\/posts"}],"about":[{"href":"https:\/\/www.gruposamaritano.com.br\/ges\/wp-json\/wp\/v2\/types\/post"}],"author":[{"embeddable":true,"href":"https:\/\/www.gruposamaritano.com.br\/ges\/wp-json\/wp\/v2\/users\/2"}],"replies":[{"embeddable":true,"href":"https:\/\/www.gruposamaritano.com.br\/ges\/wp-json\/wp\/v2\/comments?post=1375"}],"version-history":[{"count":0,"href":"https:\/\/www.gruposamaritano.com.br\/ges\/wp-json\/wp\/v2\/posts\/1375\/revisions"}],"wp:featuredmedia":[{"embeddable":true,"href":"https:\/\/www.gruposamaritano.com.br\/ges\/wp-json\/wp\/v2\/media\/1376"}],"wp:attachment":[{"href":"https:\/\/www.gruposamaritano.com.br\/ges\/wp-json\/wp\/v2\/media?parent=1375"}],"wp:term":[{"taxonomy":"category","embeddable":true,"href":"https:\/\/www.gruposamaritano.com.br\/ges\/wp-json\/wp\/v2\/categories?post=1375"},{"taxonomy":"post_tag","embeddable":true,"href":"https:\/\/www.gruposamaritano.com.br\/ges\/wp-json\/wp\/v2\/tags?post=1375"}],"curies":[{"name":"wp","href":"https:\/\/api.w.org\/{rel}","templated":true}]}}