{"id":1360,"date":"2016-06-15T16:56:19","date_gmt":"2016-06-15T19:56:19","guid":{"rendered":"https:\/\/www.gruposamaritano.com.br\/ges\/?p=1360"},"modified":"2016-06-15T17:12:42","modified_gmt":"2016-06-15T20:12:42","slug":"a-doutrina-espirita","status":"publish","type":"post","link":"https:\/\/www.gruposamaritano.com.br\/ges\/2016\/06\/a-doutrina-espirita\/","title":{"rendered":"A doutrina esp\u00edrita&#8230;"},"content":{"rendered":"<p>A doutrina esp\u00edrita transforma completamente a perspectiva do futuro. A vida<br \/>\nfutura deixa de ser uma hip\u00f3tese para ser realidade.<br \/>\n<!--more--><\/p>\n<p>O estado das almas depois da morte n\u00e3o \u00e9 mais um sistema, porem um resultado<br \/>\nde observa\u00e7\u00e3o. Ergueu-se o v\u00e9u; o mundo espiritual aparece-nos na plenitude<br \/>\nda sua realidade pr\u00e1tica; n\u00e3o foram os homens que a descobriram pelo esfor\u00e7o<br \/>\nde uma concep\u00e7\u00e3o engenhosa, s\u00e3o os pr\u00f3prios habitantes desse mundo que nos<br \/>\nvem descrever a sua situa\u00e7\u00e3o; a\u00ed os vemos de todos os graus da escala da<br \/>\nvida espiritual, em todas as fases da felicidade ou da desgra\u00e7a, assistindo<br \/>\nenfim, a todas as perip\u00e9cias da vida de al\u00e9m t\u00famulo. Eis a\u00ed porque os<br \/>\nesp\u00edritas encaram a morte calmamente e se revestem de serenidade nos seus<br \/>\n\u00faltimos momentos sobre a terra.<br \/>\nJ\u00e1 n\u00e3o \u00e9 s\u00f3 a esperan\u00e7a, mas a certeza que o conforta; sabem que a vida<br \/>\nfutura \u00e9 a continua\u00e7\u00e3o da vida terrena em melhores condi\u00e7\u00f5es e aguardam-na<br \/>\ncom a mesma confian\u00e7a que aguardariam o despontar do sol ap\u00f3s uma noite de<br \/>\ntempestade. Os motivos desta confian\u00e7a decorrem, outrossim, dos fatos<br \/>\ntestemunhados e da concord\u00e2ncia desses fatos com a l\u00f3gica, com a justi\u00e7a e<br \/>\npalavra de Deus, correspondendo \u00e0s \u00edntimas aspira\u00e7\u00f5es da humanidade.<br \/>\nPara os esp\u00edritas, a alma n\u00e3o \u00e9 uma abstra\u00e7\u00e3o; ela tem um corpo et\u00e9reo que a<br \/>\ndefine ao pensamento, o que muito \u00e9 para fixar as ideias sobre a sua<br \/>\nindividualidade, aptid\u00f5es e percep\u00e7\u00f5es.<br \/>\nAs lembran\u00e7as dos que nos s\u00e3o caros repousa sobre alguma coisa real. N\u00e3o se<br \/>\nnos apresentam mais como chamas fugitivas que nada falam ao pensamento,<br \/>\npor\u00e9m sob uma forma concreta que antes no-los mostra como seres viventes.<br \/>\nAl\u00e9m, disso, em vez de perdidos nas profundezas do Espa\u00e7o, est\u00e3o ao redor de<br \/>\nn\u00f3s; o mundo corporal e o mundo espiritual identificam-se mutuamente.<br \/>\nN\u00e3o mais permiss\u00edvel \u00e9 a duvida sobre o futuro, desaparece o temor da morte;<br \/>\nencara-se a sua aproxima\u00e7\u00e3o a sangue frio, como quem aguarda a liberta\u00e7\u00e3o<br \/>\npela porta da vida e n\u00e3o do nada.<\/p>\n<p>Trecho do livro:<br \/>\n\u201cO c\u00e9u e o inferno \u201c de Allan Kardec<\/p>\n","protected":false},"excerpt":{"rendered":"<p>A doutrina esp\u00edrita transforma completamente a perspectiva do futuro. A vida futura deixa de ser uma hip\u00f3tese para ser realidade.<\/p>\n","protected":false},"author":2,"featured_media":1223,"comment_status":"open","ping_status":"open","sticky":false,"template":"","format":"standard","meta":{"footnotes":""},"categories":[4],"tags":[],"class_list":["post-1360","post","type-post","status-publish","format-standard","has-post-thumbnail","hentry","category-reflexoes"],"_links":{"self":[{"href":"https:\/\/www.gruposamaritano.com.br\/ges\/wp-json\/wp\/v2\/posts\/1360","targetHints":{"allow":["GET"]}}],"collection":[{"href":"https:\/\/www.gruposamaritano.com.br\/ges\/wp-json\/wp\/v2\/posts"}],"about":[{"href":"https:\/\/www.gruposamaritano.com.br\/ges\/wp-json\/wp\/v2\/types\/post"}],"author":[{"embeddable":true,"href":"https:\/\/www.gruposamaritano.com.br\/ges\/wp-json\/wp\/v2\/users\/2"}],"replies":[{"embeddable":true,"href":"https:\/\/www.gruposamaritano.com.br\/ges\/wp-json\/wp\/v2\/comments?post=1360"}],"version-history":[{"count":0,"href":"https:\/\/www.gruposamaritano.com.br\/ges\/wp-json\/wp\/v2\/posts\/1360\/revisions"}],"wp:featuredmedia":[{"embeddable":true,"href":"https:\/\/www.gruposamaritano.com.br\/ges\/wp-json\/wp\/v2\/media\/1223"}],"wp:attachment":[{"href":"https:\/\/www.gruposamaritano.com.br\/ges\/wp-json\/wp\/v2\/media?parent=1360"}],"wp:term":[{"taxonomy":"category","embeddable":true,"href":"https:\/\/www.gruposamaritano.com.br\/ges\/wp-json\/wp\/v2\/categories?post=1360"},{"taxonomy":"post_tag","embeddable":true,"href":"https:\/\/www.gruposamaritano.com.br\/ges\/wp-json\/wp\/v2\/tags?post=1360"}],"curies":[{"name":"wp","href":"https:\/\/api.w.org\/{rel}","templated":true}]}}