{"id":1336,"date":"2016-05-30T15:24:42","date_gmt":"2016-05-30T18:24:42","guid":{"rendered":"https:\/\/www.gruposamaritano.com.br\/ges\/?p=1336"},"modified":"2016-05-30T15:24:42","modified_gmt":"2016-05-30T18:24:42","slug":"sauda-o-dia-nascente","status":"publish","type":"post","link":"https:\/\/www.gruposamaritano.com.br\/ges\/2016\/05\/sauda-o-dia-nascente\/","title":{"rendered":"Sa\u00fada o dia nascente&#8230;"},"content":{"rendered":"<p>Sa\u00fada o dia nascente com alegria de viver aureolada pela gratid\u00e3o a Deus.<br \/>\nCada novo dia \u00e9 aben\u00e7oada oportunidade de crescimento espiritual e de<br \/>\nilumina\u00e7\u00e3o interior.<br \/>\n<!--more-->Atravessar o rio dos problemas de uma para a outra margem, onde se encontram<br \/>\nas formosas atividades de engrandecimento moral, \u00e9 a tarefa inteligente da<br \/>\npessoa que anela pela conquista da felicidade.<br \/>\nQuando se abre a mente e o cora\u00e7\u00e3o \u00e0 alegria, \u00e9 poss\u00edvel descobri-la em toda<br \/>\nparte, bastando olhar-se para a Vida, e ei-la jubilosa&#8230;<br \/>\nQuando se adquire a consci\u00eancia da responsabilidade, de imediato sente-se<br \/>\nque se \u00e9 livre, mas essa liberdade \u00e9 sempre conquistada pela a\u00e7\u00e3o que se<br \/>\nconverte em b\u00ean\u00e7\u00e3o de amor.<br \/>\nSomente atrav\u00e9s do amor perfeito \u00e9 que o ser humano pode considerar-se<br \/>\nrealmente livre de todas as amarras, mesmo que essa aquisi\u00e7\u00e3o seja lograda,<br \/>\nde alguma forma, atrav\u00e9s do sofrimento.<br \/>\nO sofrimento faz mal, no entanto, n\u00e3o \u00e9 um mal, porque oferece os recursos<br \/>\nvaliosos para a aquisi\u00e7\u00e3o do bem permanente.<br \/>\nEis porque o trabalho de qualquer natureza deve ser realizado com o<br \/>\nsentimento de amor, o que equivale a uma postura de liberdade em a\u00e7\u00e3o.<br \/>\nQuando o amor n\u00e3o est\u00e1 presente no sentimento, a alegria n\u00e3o se enfloresce,<br \/>\nporque permanece sombreada pelas d\u00favidas e suspeitas, porquanto somente<br \/>\natrav\u00e9s do amor \u00e9 que se adquire a perfei\u00e7\u00e3o, em face dos mecanismos de a\u00e7\u00e3o<br \/>\nque movimenta.<br \/>\nPessoas existem que afirmam n\u00e3o poderem amar porque n\u00e3o compreendem o seu<br \/>\npr\u00f3ximo, tendo dificuldade em aceit\u00e1-lo conforme \u00e9. A quest\u00e3o, no entanto, \u00e9<br \/>\nmais sutil, e deve ser formulada nos seguintes termos: porque n\u00e3o ama,<br \/>\ntorna-se dif\u00edcil compreender, em raz\u00e3o dos caprichos ego\u00edsticos que<br \/>\ndificultam a bondade em rela\u00e7\u00e3o aos outros.<br \/>\nQuando o amor se instala, a alegria de viver esplende como resultado da<br \/>\npr\u00f3pria alegria de ser consciente.<br \/>\nA alegria n\u00e3o \u00e9 encontrada em mercados ou farm\u00e1cias, mas nos rec\u00f4nditos do<br \/>\ncora\u00e7\u00e3o que sente e ama, favorecendo-lhe o surgimento como um cont\u00ednuo<br \/>\namanhecer.<\/p>\n<p>Com a alegria de viver instalada no imo, sempre haver\u00e1 uma forma de encarar<br \/>\nos acontecimentos, concedendo-lhe validade e dele retirando a melhor parte,<br \/>\ncomo afirmou Jesus, aquela que n\u00e3o lhe ser\u00e1 tirada, porque representa<br \/>\nconquista inalien\u00e1vel para a mente e para o cora\u00e7\u00e3o.<br \/>\nAdapta-te, desse modo, \u00e0s ocorr\u00eancias existenciais, alegrando-te por estares<br \/>\nno corpo, fruindo a oportunidade de corrigir equ\u00edvocos, de realizar novos<br \/>\ntentames, de manter conviv\u00eancias saud\u00e1veis, de enriquecimento incessante&#8230;<br \/>\nA vida com alegria \u00e9, em si mesma, um hino de louvor a Deus.<br \/>\nN\u00e3o te permitas, portanto, a conviv\u00eancia emocional com as manifesta\u00e7\u00f5es<br \/>\nnegativas do caminho por onde transitas.<br \/>\nObserva as margens do teu caminho e rega-as, mesmo que seja com suor e<br \/>\nl\u00e1grimas, a fim de que as sementes do divino amor que se encontram nelas<br \/>\nsepultadas, germinem e transformem-se nas flores que adornar\u00e3o a tua marcha<br \/>\nascensional.<br \/>\nLiberta-te, mesmo que te seja exigido um grande esfor\u00e7o, das heran\u00e7as<br \/>\nprim\u00e1rias, filhas da agressividade, do inconformismo, dos impositivos<br \/>\nego\u00edstas que te elegem como especial no mundo, e considera que fazes parte<br \/>\nda grande fam\u00edlia terrestre, sujeito como todos os demais \u00e0s injun\u00e7\u00f5es dos<br \/>\nmecanismos da evolu\u00e7\u00e3o.<br \/>\nAlgu\u00e9m que cultiva a alegria de viver j\u00e1 possui um tesouro. Esparze-o onde<br \/>\nte encontres e oferta-o a quem se te acerque, tornando mais belo o dia-a-dia<br \/>\nde todos os seres com o sol do teu j\u00fabilo.<br \/>\nSe j\u00e1 encontraste Jesus, melhor raz\u00e3o tens para a alegria, porque envolto na<br \/>\nLuz do mundo, nenhuma sombra te amea\u00e7a.<br \/>\nSer\u00e1s, ao longo da vilegiatura carnal, o que te fa\u00e7as a cada instante,<br \/>\nconforme o \u00e9s, resultado do que te fizeste.<br \/>\nAlegra-te com a vida que desfrutas e agradece sempre a Deus a gl\u00f3ria de<br \/>\nsaber e de amar para agir com acerto.<\/p>\n<p>Pelo Esp\u00edrito Joanna de \u00c2ngelis &#8211; P\u00e1gina psicografada pelo m\u00e9dium Divaldo<br \/>\nPereira Franco, na manh\u00e3 de 29 de maio de 2009, no G-19, em Zurique, Su\u00ed\u00e7a<\/p>\n","protected":false},"excerpt":{"rendered":"<p>Sa\u00fada o dia nascente com alegria de viver aureolada pela gratid\u00e3o a Deus. Cada novo dia \u00e9 aben\u00e7oada oportunidade de crescimento espiritual e de ilumina\u00e7\u00e3o interior.<\/p>\n","protected":false},"author":2,"featured_media":455,"comment_status":"open","ping_status":"open","sticky":false,"template":"","format":"standard","meta":{"footnotes":""},"categories":[4],"tags":[],"class_list":["post-1336","post","type-post","status-publish","format-standard","has-post-thumbnail","hentry","category-reflexoes"],"_links":{"self":[{"href":"https:\/\/www.gruposamaritano.com.br\/ges\/wp-json\/wp\/v2\/posts\/1336","targetHints":{"allow":["GET"]}}],"collection":[{"href":"https:\/\/www.gruposamaritano.com.br\/ges\/wp-json\/wp\/v2\/posts"}],"about":[{"href":"https:\/\/www.gruposamaritano.com.br\/ges\/wp-json\/wp\/v2\/types\/post"}],"author":[{"embeddable":true,"href":"https:\/\/www.gruposamaritano.com.br\/ges\/wp-json\/wp\/v2\/users\/2"}],"replies":[{"embeddable":true,"href":"https:\/\/www.gruposamaritano.com.br\/ges\/wp-json\/wp\/v2\/comments?post=1336"}],"version-history":[{"count":0,"href":"https:\/\/www.gruposamaritano.com.br\/ges\/wp-json\/wp\/v2\/posts\/1336\/revisions"}],"wp:featuredmedia":[{"embeddable":true,"href":"https:\/\/www.gruposamaritano.com.br\/ges\/wp-json\/wp\/v2\/media\/455"}],"wp:attachment":[{"href":"https:\/\/www.gruposamaritano.com.br\/ges\/wp-json\/wp\/v2\/media?parent=1336"}],"wp:term":[{"taxonomy":"category","embeddable":true,"href":"https:\/\/www.gruposamaritano.com.br\/ges\/wp-json\/wp\/v2\/categories?post=1336"},{"taxonomy":"post_tag","embeddable":true,"href":"https:\/\/www.gruposamaritano.com.br\/ges\/wp-json\/wp\/v2\/tags?post=1336"}],"curies":[{"name":"wp","href":"https:\/\/api.w.org\/{rel}","templated":true}]}}