{"id":1158,"date":"2016-01-07T14:49:21","date_gmt":"2016-01-07T17:49:21","guid":{"rendered":"https:\/\/www.gruposamaritano.com.br\/ges\/?p=1158"},"modified":"2016-01-07T14:49:21","modified_gmt":"2016-01-07T17:49:21","slug":"estou-so-de-passagem","status":"publish","type":"post","link":"https:\/\/www.gruposamaritano.com.br\/ges\/2016\/01\/estou-so-de-passagem\/","title":{"rendered":"Estou s\u00f3 de passagem&#8230;"},"content":{"rendered":"<p>A express\u00e3o Estou s\u00f3 de passagem, ao se referir \u00e0 vida f\u00edsica, atesta que a pessoa tem convic\u00e7\u00e3o imortalista.<\/p>\n<p>Ela sabe que \u00e9 breve sua passagem pelo planeta. Mesmo que chegue aos cem anos, se considerar a eternidade, \u00e9 um lapso temporal breve.<\/p>\n<p><!--more-->A pessoa, que assim se expressa, manifesta a convic\u00e7\u00e3o de quem tem os olhos postos no futuro. Vive no mundo, mas com a inabal\u00e1vel certeza de que sua preocupa\u00e7\u00e3o deve ser com o Esp\u00edrito imortal, esse que sobreviver\u00e1 \u00e0 morte corporal.<\/p>\n<p>Se isso \u00e9 louv\u00e1vel, um detalhe, no entanto, n\u00e3o pode ser esquecido. \u00c9 que a vida corporal \u00e9 etapa imprescind\u00edvel ao progresso do Esp\u00edrito.<\/p>\n<p>\u00c9 na carne que se experimentam as provas. \u00c9 nas vicissitudes da vida que o Esp\u00edrito cresce, utilizando sua intelig\u00eancia e criatividade, para superar transtornos e desafios.<\/p>\n<p>Isso nos diz que os mundos materiais s\u00e3o importantes. S\u00e3o moradas, est\u00e2ncias, onde o Esp\u00edrito se reveste de carne e habita. E progride.<\/p>\n<p>Dessa forma, h\u00e1 que se considerar o que estamos fazendo com o planeta, enquanto nos encontramos somente de passagem.<\/p>\n<p>O que estamos fazendo com nossa morada, lar, escola?<\/p>\n<p>Estamos auxiliando na sua conserva\u00e7\u00e3o ou somos dos que n\u00e3o nos preocupamos com coisa alguma porque logo estaremos partindo?<\/p>\n<p>Seria importante nos perguntarmos se estamos colaborando com as medidas de sustentabilidade do planeta.<\/p>\n<p>Coisas simples, como diminuir o impacto ambiental, substituindo pl\u00e1stico por outros materiais menos agressivos ao meio ambiente.<\/p>\n<p>\u00c9 de nos indagarmos se somos dos que, a cada vez que nos servimos de \u00e1gua, nos bebedouros do escrit\u00f3rio, da empresa, apanhamos um novo copo pl\u00e1stico.<\/p>\n<p>J\u00e1 nos preocupamos com o meio ambiente e temos nosso pr\u00f3prio copo de vidro, para uso particular, no local de trabalho? Ou, ao menos, nos servimos de um \u00fanico copo pl\u00e1stico, durante todo o dia?<\/p>\n<p>Lembramos de utilizar a impress\u00e3o de documentos, artigos e tudo o mais, somente quando imprescind\u00edvel, poupando \u00e1rvores?<\/p>\n<p>Recordamos de utilizar a folha de papel de ambos os lados? De reutilizar papel escrito em uma s\u00f3 face, transformando-o em bloco de anota\u00e7\u00f5es ou lembretes?<\/p>\n<p>Preocupamo-nos com a separa\u00e7\u00e3o do lixo org\u00e2nico do lixo recicl\u00e1vel?<\/p>\n<p>S\u00e3o coisas pequenas, mas que t\u00eam muita import\u00e2ncia. N\u00e3o podemos nos esquecer que estamos de passagem, mas nossos filhos, netos, quanto tempo mais ter\u00e3o sobre a Terra?<\/p>\n<p>E, al\u00e9m disso, um detalhe importante: pela lei da reencarna\u00e7\u00e3o, deveremos retornar em algum momento.<\/p>\n<p>J\u00e1 pensamos em como desejamos encontrar o planeta, nesse retorno?<\/p>\n<p>O que fazemos reflete no todo. E n\u00e3o nos preocupemos com os que n\u00e3o colaboram.<\/p>\n<p>Poder\u00e3o aprender com nosso exemplo. Enquanto isso, sejamos como a ave que, levando gotas de \u00e1gua em suas asas, tenta apagar o inc\u00eandio na floresta.<\/p>\n<p>Em resumo: fa\u00e7amos nossa parte.<\/p>\n<p>A prop\u00f3sito, j\u00e1 plantamos uma \u00e1rvore, em nossa vida? Semeamos um jardim?<\/p>\n<p>Pensemos nisso.<\/p>\n<p>Reda\u00e7\u00e3o do Momento Esp\u00edrita.<\/p>\n","protected":false},"excerpt":{"rendered":"<p>A express\u00e3o Estou s\u00f3 de passagem, ao se referir \u00e0 vida f\u00edsica, atesta que a pessoa tem convic\u00e7\u00e3o imortalista. Ela sabe que \u00e9 breve sua passagem pelo planeta. Mesmo que chegue aos cem anos, se considerar a eternidade, \u00e9 um lapso temporal breve.<\/p>\n","protected":false},"author":2,"featured_media":837,"comment_status":"open","ping_status":"open","sticky":false,"template":"","format":"standard","meta":{"footnotes":""},"categories":[4],"tags":[],"class_list":["post-1158","post","type-post","status-publish","format-standard","has-post-thumbnail","hentry","category-reflexoes"],"_links":{"self":[{"href":"https:\/\/www.gruposamaritano.com.br\/ges\/wp-json\/wp\/v2\/posts\/1158","targetHints":{"allow":["GET"]}}],"collection":[{"href":"https:\/\/www.gruposamaritano.com.br\/ges\/wp-json\/wp\/v2\/posts"}],"about":[{"href":"https:\/\/www.gruposamaritano.com.br\/ges\/wp-json\/wp\/v2\/types\/post"}],"author":[{"embeddable":true,"href":"https:\/\/www.gruposamaritano.com.br\/ges\/wp-json\/wp\/v2\/users\/2"}],"replies":[{"embeddable":true,"href":"https:\/\/www.gruposamaritano.com.br\/ges\/wp-json\/wp\/v2\/comments?post=1158"}],"version-history":[{"count":0,"href":"https:\/\/www.gruposamaritano.com.br\/ges\/wp-json\/wp\/v2\/posts\/1158\/revisions"}],"wp:featuredmedia":[{"embeddable":true,"href":"https:\/\/www.gruposamaritano.com.br\/ges\/wp-json\/wp\/v2\/media\/837"}],"wp:attachment":[{"href":"https:\/\/www.gruposamaritano.com.br\/ges\/wp-json\/wp\/v2\/media?parent=1158"}],"wp:term":[{"taxonomy":"category","embeddable":true,"href":"https:\/\/www.gruposamaritano.com.br\/ges\/wp-json\/wp\/v2\/categories?post=1158"},{"taxonomy":"post_tag","embeddable":true,"href":"https:\/\/www.gruposamaritano.com.br\/ges\/wp-json\/wp\/v2\/tags?post=1158"}],"curies":[{"name":"wp","href":"https:\/\/api.w.org\/{rel}","templated":true}]}}