{"id":1147,"date":"2015-12-28T09:17:03","date_gmt":"2015-12-28T12:17:03","guid":{"rendered":"https:\/\/www.gruposamaritano.com.br\/ges\/?p=1147"},"modified":"2015-12-28T09:17:03","modified_gmt":"2015-12-28T12:17:03","slug":"ei-voce","status":"publish","type":"post","link":"https:\/\/www.gruposamaritano.com.br\/ges\/2015\/12\/ei-voce\/","title":{"rendered":"Ei, voc\u00ea!"},"content":{"rendered":"<p>Ei, voc\u00ea!<\/p>\n<p>Por que esse olhar triste?<\/p>\n<p>Por que esse des\u00e2nimo e essa falta de coragem?<\/p>\n<p>Sim, essa falta de coragem de enfrentar os problemas que se acumulam, sem solu\u00e7\u00e3o?<\/p>\n<p>Acaso voc\u00ea se julga incapaz?<\/p>\n<p>Talvez, especialmente hoje, voc\u00ea tenha a sensa\u00e7\u00e3o de que n\u00e3o h\u00e1 mais sa\u00edda&#8230;<\/p>\n<p><!--more-->Que suas for\u00e7as e seu talento para criar solu\u00e7\u00f5es tenham se esgotado.<\/p>\n<p>Ou talvez a vida para voc\u00ea tenha perdido completamente o sentido, e o seu barco esteja \u00e0 deriva&#8230; seguindo conforme o vento.<\/p>\n<p>Se voc\u00ea est\u00e1 se sentindo assim, vamos lhe fazer um convite.<\/p>\n<p>Um convite para que voc\u00ea fa\u00e7a uma pequena viagem para dentro de si e procure, mas procure com muita vontade mesmo, e ir\u00e1 encontrar algo que lhe fa\u00e7a bem.<\/p>\n<p>Ou\u00e7a o cora\u00e7\u00e3o de sua m\u00e3e, batendo em ritmo calmo enquanto o segura nos bra\u00e7os e canta suave can\u00e7\u00e3o de ninar&#8230; O rega\u00e7o materno lhe traz seguran\u00e7a.<\/p>\n<p>Sinta o calor e o conforto do seu ber\u00e7o&#8230; do seu lar&#8230; a paz do sil\u00eancio.<\/p>\n<p>Lembre-se do apoio que o alfabeto lhe trouxe&#8230; da luz do conhecimento, da alegria do trabalho.<\/p>\n<p>Observe quantas experi\u00eancias est\u00e3o arquivadas em sua intimidade&#8230;<\/p>\n<p>Entregue-se ao aconchego das afei\u00e7\u00f5es repartidas, dos abra\u00e7os de ternura, do apoio de um s\u00e1bio conselho&#8230;<\/p>\n<p>Pense que, no mesmo mundo em que voc\u00ea vive, respiraram os her\u00f3is de seu ideal, os santos de sua f\u00e9, os ap\u00f3stolos de sua inspira\u00e7\u00e3o e as intelig\u00eancias que lhe tra\u00e7aram roteiros&#8230;<\/p>\n<p>Considere que o Criador n\u00e3o lhe ofereceu o mundo como ex\u00edlio ou pris\u00e3o, mas como nobre escola e abrigo bendito, qual divino jardim a pleno c\u00e9u, banhado de sol durante o dia e enfeitado de estrelas, durante a noite&#8230;<\/p>\n<p>Ei, voc\u00ea!<\/p>\n<p>N\u00e3o deixe que as l\u00e1grimas lhe impe\u00e7am de ver a grandeza e a beleza de tudo o que existe no mundo que o Criador lhe oferece.<\/p>\n<p>Se hoje existe algum problema que lhe traz inquieta\u00e7\u00e3o e dor, lembre-se de que outro dia n\u00e3o tardar\u00e1 a surgir, trazendo um novo alvorecer&#8230;<\/p>\n<p>* * *<\/p>\n<p>E, se sentir que est\u00e1 dif\u00edcil sem ajuda, n\u00e3o se acanhe, refugie-se em um lugar tranquilo e busque o apoio da ora\u00e7\u00e3o.<\/p>\n<p>Eleve o pensamento ao Alto e deixe seu cora\u00e7\u00e3o falar ao Criador:<\/p>\n<p>Senhor, no recolhimento de minha alma sofrida, venho lhe pedir um pouco de paz, de for\u00e7a e coragem&#8230;<\/p>\n<p>Desejo ver o mundo com olhos de amor, confian\u00e7a e ternura.<\/p>\n<p>Quero ter esperan\u00e7a&#8230; Ser feliz como crian\u00e7a, olhar o mundo com f\u00e9.<\/p>\n<p>Quero enxergar nas pessoas a luz que cada uma traz em si, como heran\u00e7a Sua.<\/p>\n<p>Desejo acreditar que o mundo tem jeito e que problemas s\u00f3 existem para me ensinar a resolv\u00ea-los&#8230;<\/p>\n<p>Quero ser alegre, leve e confiante&#8230;<\/p>\n<p>Sentir a Sua presen\u00e7a em cada filho Seu e revelar em mim a Sua grandeza divina.<\/p>\n<p>Quero ser hoje melhor do que fui ontem, e amanh\u00e3 melhor do que hoje&#8230;<\/p>\n<p>Senhor, eu desejo um mundo melhor e quero que essa melhoria comece por mim&#8230;<\/p>\n<p>Sei que uma onda escura se abateu sobre nosso planeta, e quero me transformar numa estrela para diminuir essa escurid\u00e3o.<\/p>\n<p>Para isso, Senhor, preciso da Sua ajuda a fim de vencer a incerteza, a falta de f\u00e9, a covardia moral&#8230;<\/p>\n<p>Se meus passos vacilarem, Senhor, desejo o Seu amparo e a Sua seguran\u00e7a para que eu possa seguir em frente, com confian\u00e7a e a certeza da Sua presen\u00e7a constante.<\/p>\n<p>* * *<\/p>\n<p>Ei, voc\u00ea!<\/p>\n<p>Aproveite as horas, que ainda restam deste dia, e prepare-se para um novo alvorecer&#8230; que n\u00e3o tardar\u00e1 a chegar.<\/p>\n<p>Reda\u00e7\u00e3o do Momento Esp\u00edrita.<\/p>\n","protected":false},"excerpt":{"rendered":"<p>Ei, voc\u00ea! Por que esse olhar triste? Por que esse des\u00e2nimo e essa falta de coragem? Sim, essa falta de coragem de enfrentar os problemas que se acumulam, sem solu\u00e7\u00e3o? Acaso voc\u00ea se julga incapaz? Talvez, especialmente hoje, voc\u00ea tenha a sensa\u00e7\u00e3o de que n\u00e3o h\u00e1 mais sa\u00edda&#8230;<\/p>\n","protected":false},"author":2,"featured_media":1028,"comment_status":"open","ping_status":"open","sticky":false,"template":"","format":"standard","meta":{"footnotes":""},"categories":[4],"tags":[],"class_list":["post-1147","post","type-post","status-publish","format-standard","has-post-thumbnail","hentry","category-reflexoes"],"_links":{"self":[{"href":"https:\/\/www.gruposamaritano.com.br\/ges\/wp-json\/wp\/v2\/posts\/1147","targetHints":{"allow":["GET"]}}],"collection":[{"href":"https:\/\/www.gruposamaritano.com.br\/ges\/wp-json\/wp\/v2\/posts"}],"about":[{"href":"https:\/\/www.gruposamaritano.com.br\/ges\/wp-json\/wp\/v2\/types\/post"}],"author":[{"embeddable":true,"href":"https:\/\/www.gruposamaritano.com.br\/ges\/wp-json\/wp\/v2\/users\/2"}],"replies":[{"embeddable":true,"href":"https:\/\/www.gruposamaritano.com.br\/ges\/wp-json\/wp\/v2\/comments?post=1147"}],"version-history":[{"count":0,"href":"https:\/\/www.gruposamaritano.com.br\/ges\/wp-json\/wp\/v2\/posts\/1147\/revisions"}],"wp:featuredmedia":[{"embeddable":true,"href":"https:\/\/www.gruposamaritano.com.br\/ges\/wp-json\/wp\/v2\/media\/1028"}],"wp:attachment":[{"href":"https:\/\/www.gruposamaritano.com.br\/ges\/wp-json\/wp\/v2\/media?parent=1147"}],"wp:term":[{"taxonomy":"category","embeddable":true,"href":"https:\/\/www.gruposamaritano.com.br\/ges\/wp-json\/wp\/v2\/categories?post=1147"},{"taxonomy":"post_tag","embeddable":true,"href":"https:\/\/www.gruposamaritano.com.br\/ges\/wp-json\/wp\/v2\/tags?post=1147"}],"curies":[{"name":"wp","href":"https:\/\/api.w.org\/{rel}","templated":true}]}}