{"id":1144,"date":"2015-12-18T15:13:53","date_gmt":"2015-12-18T18:13:53","guid":{"rendered":"https:\/\/www.gruposamaritano.com.br\/ges\/?p=1144"},"modified":"2015-12-18T15:13:53","modified_gmt":"2015-12-18T18:13:53","slug":"neste-natal","status":"publish","type":"post","link":"https:\/\/www.gruposamaritano.com.br\/ges\/2015\/12\/neste-natal\/","title":{"rendered":"Neste Natal&#8230;"},"content":{"rendered":"<p>Neste Natal, por algum momento, pacifica a tua alma para receber as vibra\u00e7\u00f5es de amor que te falam de um tempo excepcionalmente afortunado \u00e0 Humanidade.<br \/>\nDistante de formalidades e comemora\u00e7\u00f5es exteriores, medita no significado real desta data e come\u00e7a a trabalhar na renova\u00e7\u00e3o da forma que te \u00e9 pr\u00f3pria de saudar o Natal.<br \/>\n<!--more-->Esquece, por momentos, acepipes e licores, vestes e presentes, sons e ornamentos, e interiorizando-te, deixa que uma luz maior te banhe o entendimento te levando para um lugar \u00e0 parte, distante de todas frivolidades, para falar de alegrias que realmente importam ao teu progresso espiritual.<br \/>\nComo te encontras, desde o \u00faltimo Natal?<br \/>\nOlhando em torno sentir\u00e1s tristeza, por certo, porque o mundo prossegue envolto em sombras, malgrado todas as esperan\u00e7as de um tempo mais \u00edntegro, melhor.<br \/>\nIsso porque n\u00e3o bastam s\u00faplicas e desejos; necess\u00e1rio \u00e9 trabalhar na edifica\u00e7\u00e3o da paz almejada.<br \/>\nRenova, por esta raz\u00e3o, teu modo de apresentar-se \u00e0 grande festa da Luz.<br \/>\nEnvolve-te ricamente, por\u00e9m nas vestes do amor e do bem; alimenta-te fartamente, mas de bom \u00e2nimo e coragem; bebe em abund\u00e2ncia apenas do licor da alegria e da esperan\u00e7a; presenteia sem erro paz e harmonia ao teu pr\u00f3ximo e roga para ti os mimos imorredouros do aperfei\u00e7oamento, como lembran\u00e7a preciosa e definitiva.<br \/>\nPaci\u00eancia &#8211; para as dificuldades.<br \/>\nToler\u00e2ncia &#8211; para as diferen\u00e7as.<br \/>\nBenevol\u00eancia &#8211; para os equ\u00edvocos.<br \/>\nMiseric\u00f3rdia &#8211; para os erros.<br \/>\nPerd\u00e3o &#8211; para as ofensas.<br \/>\nPrud\u00eancia &#8211; para as ilus\u00f5es.<br \/>\nEquil\u00edbrio &#8211; para os desejos.<br \/>\nSensatez &#8211; para as escolhas.<br \/>\nSensibilidade &#8211; para os olhos.<br \/>\nDelicadeza &#8211; para as palavras.<br \/>\nDiscernimento &#8211; para os ouvidos.<br \/>\nResigna\u00e7\u00e3o &#8211; para a escassez.<br \/>\nResponsabilidade &#8211; para a fartura.<br \/>\nCoragem &#8211; para as provas.<br \/>\nF\u00e9 &#8211; para as conquistas.<br \/>\nAmor &#8211; para todas as ocasi\u00f5es.<br \/>\nSomente assim viveremos de Natal a Natal conforme a orienta\u00e7\u00e3o crist\u00e3 do Espiritismo, que nos recomenda raciocinar para compreender, amar para engrandecer e trabalhar para realizar&#8221;.<br \/>\n(Mensagem ditada por Andr\u00e9 Luiz em reuni\u00e3o do Instituto Andr\u00e9 Luiz, em 22\/12\/2002.)<\/p>\n<p>Autor<br \/>\nAndr\u00e9 Luiz mensagem de Natal<\/p>\n","protected":false},"excerpt":{"rendered":"<p>Neste Natal, por algum momento, pacifica a tua alma para receber as vibra\u00e7\u00f5es de amor que te falam de um tempo excepcionalmente afortunado \u00e0 Humanidade. Distante de formalidades e comemora\u00e7\u00f5es exteriores, medita no significado real desta data e come\u00e7a a trabalhar na renova\u00e7\u00e3o da forma que te \u00e9 pr\u00f3pria de saudar o [&hellip;]<\/p>\n","protected":false},"author":2,"featured_media":1145,"comment_status":"open","ping_status":"open","sticky":false,"template":"","format":"standard","meta":{"footnotes":""},"categories":[4],"tags":[],"class_list":["post-1144","post","type-post","status-publish","format-standard","has-post-thumbnail","hentry","category-reflexoes"],"_links":{"self":[{"href":"https:\/\/www.gruposamaritano.com.br\/ges\/wp-json\/wp\/v2\/posts\/1144","targetHints":{"allow":["GET"]}}],"collection":[{"href":"https:\/\/www.gruposamaritano.com.br\/ges\/wp-json\/wp\/v2\/posts"}],"about":[{"href":"https:\/\/www.gruposamaritano.com.br\/ges\/wp-json\/wp\/v2\/types\/post"}],"author":[{"embeddable":true,"href":"https:\/\/www.gruposamaritano.com.br\/ges\/wp-json\/wp\/v2\/users\/2"}],"replies":[{"embeddable":true,"href":"https:\/\/www.gruposamaritano.com.br\/ges\/wp-json\/wp\/v2\/comments?post=1144"}],"version-history":[{"count":0,"href":"https:\/\/www.gruposamaritano.com.br\/ges\/wp-json\/wp\/v2\/posts\/1144\/revisions"}],"wp:featuredmedia":[{"embeddable":true,"href":"https:\/\/www.gruposamaritano.com.br\/ges\/wp-json\/wp\/v2\/media\/1145"}],"wp:attachment":[{"href":"https:\/\/www.gruposamaritano.com.br\/ges\/wp-json\/wp\/v2\/media?parent=1144"}],"wp:term":[{"taxonomy":"category","embeddable":true,"href":"https:\/\/www.gruposamaritano.com.br\/ges\/wp-json\/wp\/v2\/categories?post=1144"},{"taxonomy":"post_tag","embeddable":true,"href":"https:\/\/www.gruposamaritano.com.br\/ges\/wp-json\/wp\/v2\/tags?post=1144"}],"curies":[{"name":"wp","href":"https:\/\/api.w.org\/{rel}","templated":true}]}}