{"id":1133,"date":"2015-12-15T08:00:54","date_gmt":"2015-12-15T11:00:54","guid":{"rendered":"https:\/\/www.gruposamaritano.com.br\/ges\/?p=1133"},"modified":"2015-12-15T08:00:54","modified_gmt":"2015-12-15T11:00:54","slug":"o-burro-o-velho-e-o-menino","status":"publish","type":"post","link":"https:\/\/www.gruposamaritano.com.br\/ges\/2015\/12\/o-burro-o-velho-e-o-menino\/","title":{"rendered":"O Burro, o Velho e o Menino&#8230;"},"content":{"rendered":"<p>Um velho resolveu vender seu burro na feira da cidade.Como iria retornar andando, chamou seu neto para acompanh\u00e1-lo. Montaram os dois no animal e seguiram viagem.<br \/>\nPassando por umas barracas de escoteiros, escutaram os coment\u00e1rios cr\u00edticos; &#8220;Como \u00e9 que pode, duas pessoas em cima deste pobre animal!&#8221;.<br \/>\n<!--more-->Resolveram ent\u00e3o que o menino desceria, e o velho permaneceria montado. Prosseguiram&#8230;<br \/>\nMais na frente tinha uma lagoa e algumas velhas estavam lavando roupa. Quando viram a cena, puseram-se a reclamar; &#8221; Que absurdo! Explorando a pobre crian\u00e7a, podendo deix\u00e1-la em cima do animal&#8221;.<br \/>\nConstrangidos com o ocorrido, trocaram as posi\u00e7\u00f5es, ou seja, o menino montou e o velho desceu.<br \/>\nTinham caminhado alguns metros, quando algumas jovens sentadas na cal\u00e7ada externaram seu espanto com o que presenciaram; &#8220;Que menino pregui\u00e7oso! Enquanto este velho senhor caminha, ele fica todo prazeroso em cima do animal. Tenha vergonha!&#8221;<br \/>\nDiante disto, o menino desceu e desta vez o velho n\u00e3o subiu. Ambos resolveram caminhar, puxando o burro.<br \/>\nJ\u00e1 acreditavam ter encontrado a f\u00f3rmula mais correta quando passaram em frente a um bar. Alguns homens que ali estavam come\u00e7aram a dar gargalhadas, fazendo chacota da cena; &#8220;S\u00e3o mesmo uns idiotas! Ficam andando a p\u00e9, enquanto puxam um animal t\u00e3o jovem e forte!&#8221;<br \/>\nO av\u00f4 e o neto olharam um para o outro, como que tentando encontrar a maneira correta de agir.<br \/>\nEnt\u00e3o ambos pegaram o burro e o carregaram nas costas !!!<br \/>\nAl\u00e9m de divertida, esta f\u00e1bula mostra que n\u00e3o podemos dedicar aten\u00e7\u00e3o irracional para as cr\u00edticas, pois estas acontecer\u00e3o sempre, independente da maneira em que procurarmos agir.<\/p>\n<p>Autor desconhecido<\/p>\n","protected":false},"excerpt":{"rendered":"<p>Um velho resolveu vender seu burro na feira da cidade.Como iria retornar andando, chamou seu neto para acompanh\u00e1-lo. Montaram os dois no animal e seguiram viagem. Passando por umas barracas de escoteiros, escutaram os coment\u00e1rios cr\u00edticos; &#8220;Como \u00e9 que pode, duas pessoas em cima deste pobre animal!&#8221;.<\/p>\n","protected":false},"author":2,"featured_media":1134,"comment_status":"open","ping_status":"open","sticky":false,"template":"","format":"standard","meta":{"footnotes":""},"categories":[4],"tags":[],"class_list":["post-1133","post","type-post","status-publish","format-standard","has-post-thumbnail","hentry","category-reflexoes"],"_links":{"self":[{"href":"https:\/\/www.gruposamaritano.com.br\/ges\/wp-json\/wp\/v2\/posts\/1133","targetHints":{"allow":["GET"]}}],"collection":[{"href":"https:\/\/www.gruposamaritano.com.br\/ges\/wp-json\/wp\/v2\/posts"}],"about":[{"href":"https:\/\/www.gruposamaritano.com.br\/ges\/wp-json\/wp\/v2\/types\/post"}],"author":[{"embeddable":true,"href":"https:\/\/www.gruposamaritano.com.br\/ges\/wp-json\/wp\/v2\/users\/2"}],"replies":[{"embeddable":true,"href":"https:\/\/www.gruposamaritano.com.br\/ges\/wp-json\/wp\/v2\/comments?post=1133"}],"version-history":[{"count":0,"href":"https:\/\/www.gruposamaritano.com.br\/ges\/wp-json\/wp\/v2\/posts\/1133\/revisions"}],"wp:featuredmedia":[{"embeddable":true,"href":"https:\/\/www.gruposamaritano.com.br\/ges\/wp-json\/wp\/v2\/media\/1134"}],"wp:attachment":[{"href":"https:\/\/www.gruposamaritano.com.br\/ges\/wp-json\/wp\/v2\/media?parent=1133"}],"wp:term":[{"taxonomy":"category","embeddable":true,"href":"https:\/\/www.gruposamaritano.com.br\/ges\/wp-json\/wp\/v2\/categories?post=1133"},{"taxonomy":"post_tag","embeddable":true,"href":"https:\/\/www.gruposamaritano.com.br\/ges\/wp-json\/wp\/v2\/tags?post=1133"}],"curies":[{"name":"wp","href":"https:\/\/api.w.org\/{rel}","templated":true}]}}