{"id":1117,"date":"2015-12-03T14:17:54","date_gmt":"2015-12-03T17:17:54","guid":{"rendered":"https:\/\/www.gruposamaritano.com.br\/ges\/?p=1117"},"modified":"2015-12-03T14:17:54","modified_gmt":"2015-12-03T17:17:54","slug":"um-avo-e-seu-neto","status":"publish","type":"post","link":"https:\/\/www.gruposamaritano.com.br\/ges\/2015\/12\/um-avo-e-seu-neto\/","title":{"rendered":"Um av\u00f4 e seu neto&#8230;"},"content":{"rendered":"<p>Um av\u00f4 e seu neto caminhando pelo quintal, ora se agachando aqui, ora ali, em animada conversa\u00e7\u00e3o, n\u00e3o \u00e9 cena muito comum nos dias atuais.<\/p>\n<p>O garoto, de 4 anos de idade, aprendia a cultivar e a cuidar das plantas com o exemplo do seu av\u00f4, que tinha tempo para o netinho, sempre que este o visitava.<\/p>\n<p><!--more-->Era por isso que o pequeno N\u00edcolas acariciava as mudinhas que havia plantado e dizia: Quem planta colhe, n\u00e9, vov\u00f4?<\/p>\n<p>Mas o av\u00f4 n\u00e3o \u00e9 habilidoso apenas no cultivo de plantas, \u00e9 h\u00e1bil tamb\u00e9m na arte de cultivar virtudes.<\/p>\n<p>Entre uma conversa e outra, entre a car\u00edcia numa flor e uma erva daninha que arrancava, ele ia cultivando virtudes naquele cora\u00e7\u00e3o infantil.<\/p>\n<p>Ia ensinando que, para obter frutos saborosos e flores perfumadas, \u00e9 preciso cuidado, dedica\u00e7\u00e3o, aten\u00e7\u00e3o e conhecimento.<\/p>\n<p>E que, acima de tudo, \u00e9 preciso semear, pois sem semeadura n\u00e3o h\u00e1 colheita.<\/p>\n<p>O cuidado do pequeno N\u00edcolas pelas plantas era fruto do ensinamento que recebeu desde pequenino, pois nem sempre foi assim.<\/p>\n<p>Quando come\u00e7ou a engatinhar, suas m\u00e3ozinhas eram ligeiras para arrancar tudo o que via pela frente, como qualquer beb\u00ea que quer conhecer o mundo pela raiz&#8230;<\/p>\n<p>E, se n\u00e3o tivesse por perto algu\u00e9m que lhe ensinasse a respeitar a natureza, talvez at\u00e9 hoje seu comportamento fosse o mesmo, como muitas crian\u00e7as da sua idade ou at\u00e9 maiores.<\/p>\n<p>Importante observar que as melhores e mais s\u00f3lidas li\u00e7\u00f5es as crian\u00e7as aprendem no dia-a-dia, com os exemplos que observam nos adultos.<\/p>\n<p>\u00c9 mais pela observa\u00e7\u00e3o dos atos do que pelos conselhos, que os pequenos v\u00e3o formando seus caracteres.<\/p>\n<p>Se a crian\u00e7a cresce em meio ao desleixo, ao descuido, \u00e0s mentiras, ao desrespeito, vendo os adultos se agredindo mutuamente, ela aprender\u00e1 essas li\u00e7\u00f5es.<\/p>\n<p>Assim, se temos a inten\u00e7\u00e3o de passar nobres ensinamentos a algu\u00e9m, se faz necess\u00e1rio que prestemos muita aten\u00e7\u00e3o ao nosso modo de vida, \u00e0s nossas a\u00e7\u00f5es di\u00e1rias.<\/p>\n<p>Como todo bom jardineiro, os educadores devem ser bons cultivadores de valores e virtudes.<\/p>\n<p>Devem observar com cuidado as tend\u00eancias dos filhos e procurar semear, na alma infantil, as sementes das virtudes.<\/p>\n<p>Ao mesmo tempo devem preserv\u00e1-la das ervas-daninhas, das pragas, da seca e das enchentes. Sem esquecer jamais o adubo do amor.<\/p>\n<p>A alma da crian\u00e7a que cresce sem esses cuidados b\u00e1sicos, por parte dos adultos, geralmente se torna campo tomado pelas ervas m\u00e1s dos v\u00edcios de toda ordem.<\/p>\n<p>E, de todas as ervas m\u00e1s, as mais perigosas s\u00e3o o orgulho e o ego\u00edsmo, pois s\u00e3o as que d\u00e3o origem \u00e0s demais.<\/p>\n<p>Por isso a import\u00e2ncia dos cuidados desde cedo. E para se ter \u00eaxito nessa miss\u00e3o de jardineiro de almas, \u00e9 preciso aten\u00e7\u00e3o, dedica\u00e7\u00e3o, persist\u00eancia, determina\u00e7\u00e3o.<\/p>\n<p>O campo espiritual exige sempre o empenho do amor do jardineiro para que possa produzir bons resultados.<\/p>\n<p>E o empenho do amor muitas vezes exige alta dose de ren\u00fancia e de coragem. Coragem de renunciar aos pr\u00f3prios v\u00edcios para dar exemplos dignos de serem seguidos.<\/p>\n<p>Os jardins da alma infantil s\u00e3o f\u00e9rteis e receptivos aos ensinamentos que percebem nas a\u00e7\u00f5es dos adultos.<\/p>\n<p>Por essa raz\u00e3o, vale a pena dedicar tempo no cultivo das virtudes, antes que as sementes de ervas-daninhas sejam ali jogadas, nas\u00e7am e abafem a boa semente.<\/p>\n<p>* * *<\/p>\n<p>Para que voc\u00ea seja um bom cultivador de almas \u00e9 preciso que tenha, na sua sementeira interior, as mudinhas das virtudes.<\/p>\n<p>Somente quem possui pode oferecer. Somente quem planta pode colher.<\/p>\n<p>Pense nisso, e seja um cultivador de virtudes.<\/p>\n<p>Reda\u00e7\u00e3o do Momento Esp\u00edrita<\/p>\n","protected":false},"excerpt":{"rendered":"<p>Um av\u00f4 e seu neto caminhando pelo quintal, ora se agachando aqui, ora ali, em animada conversa\u00e7\u00e3o, n\u00e3o \u00e9 cena muito comum nos dias atuais. O garoto, de 4 anos de idade, aprendia a cultivar e a cuidar das plantas com o exemplo do seu av\u00f4, que tinha tempo para o netinho, [&hellip;]<\/p>\n","protected":false},"author":2,"featured_media":1118,"comment_status":"open","ping_status":"open","sticky":false,"template":"","format":"standard","meta":{"footnotes":""},"categories":[4],"tags":[],"class_list":["post-1117","post","type-post","status-publish","format-standard","has-post-thumbnail","hentry","category-reflexoes"],"_links":{"self":[{"href":"https:\/\/www.gruposamaritano.com.br\/ges\/wp-json\/wp\/v2\/posts\/1117","targetHints":{"allow":["GET"]}}],"collection":[{"href":"https:\/\/www.gruposamaritano.com.br\/ges\/wp-json\/wp\/v2\/posts"}],"about":[{"href":"https:\/\/www.gruposamaritano.com.br\/ges\/wp-json\/wp\/v2\/types\/post"}],"author":[{"embeddable":true,"href":"https:\/\/www.gruposamaritano.com.br\/ges\/wp-json\/wp\/v2\/users\/2"}],"replies":[{"embeddable":true,"href":"https:\/\/www.gruposamaritano.com.br\/ges\/wp-json\/wp\/v2\/comments?post=1117"}],"version-history":[{"count":0,"href":"https:\/\/www.gruposamaritano.com.br\/ges\/wp-json\/wp\/v2\/posts\/1117\/revisions"}],"wp:featuredmedia":[{"embeddable":true,"href":"https:\/\/www.gruposamaritano.com.br\/ges\/wp-json\/wp\/v2\/media\/1118"}],"wp:attachment":[{"href":"https:\/\/www.gruposamaritano.com.br\/ges\/wp-json\/wp\/v2\/media?parent=1117"}],"wp:term":[{"taxonomy":"category","embeddable":true,"href":"https:\/\/www.gruposamaritano.com.br\/ges\/wp-json\/wp\/v2\/categories?post=1117"},{"taxonomy":"post_tag","embeddable":true,"href":"https:\/\/www.gruposamaritano.com.br\/ges\/wp-json\/wp\/v2\/tags?post=1117"}],"curies":[{"name":"wp","href":"https:\/\/api.w.org\/{rel}","templated":true}]}}